{"id":79803,"date":"2020-03-22T16:02:32","date_gmt":"2020-03-22T20:02:32","guid":{"rendered":"https:\/\/linitiative.ca\/International\/tanger-arrestation-de-deux-individus-soupconnes-dincitation-au-rassemblement\/"},"modified":"2020-03-22T16:02:32","modified_gmt":"2020-03-22T20:02:32","slug":"tanger-arrestation-de-deux-individus-soupconnes-dincitation-au-rassemblement","status":"publish","type":"post","link":"https:\/\/linitiative.ca\/International\/tanger-arrestation-de-deux-individus-soupconnes-dincitation-au-rassemblement\/","title":{"rendered":"Tanger : Arrestation de deux individus soup\u00e7onn\u00e9s d\u2019incitation au rassemblement"},"content":{"rendered":"<p><strong>La police judiciaire de Tanger a arr\u00eat\u00e9, dimanche, deux individus au ant\u00e9c\u00e9dents judiciaires, soup\u00e7onn\u00e9s d\u2019incitation au rassemblement, \u00e0 la d\u00e9sob\u00e9issance, \u00e0 la mise en danger de la vie de personnes et \u00e0 la violation des mesures d\u2019urgence initi\u00e9es pour enrayer la propagation du Coronavirus.<\/strong><\/p>\n<div class=\"c10\"\/>\n<p>Un communiqu\u00e9 de la Direction g\u00e9n\u00e9rale de la s\u00e9curit\u00e9 nationale a d\u00e9clar\u00e9 que le D\u00e9partement de la s\u00e9curit\u00e9 nationale a entam\u00e9 des proc\u00e9dures pour diagnostiquer l\u2019identit\u00e9 de toutes les personnes qui ont incit\u00e9 \u00e0 la r\u00e9union samedi soir. Selon le communiqu\u00e9, ces personnes ont d\u00e9lib\u00e9r\u00e9ment d\u00e9sob\u00e9i et n\u2019ont pas respect\u00e9 les mesures de pr\u00e9caution pour pr\u00e9venir la nouvelle \u00e9pid\u00e9mie de <strong>Coronavirus<\/strong>. Le principal participant qui est sorti pour la premi\u00e8re fois dans la rue principale de la r\u00e9gion, qui a \u00e9t\u00e9 arr\u00eat\u00e9 \u00e0 \u00ab\u00a0Al-Sawani\u00a0\u00bb, a commenc\u00e9 \u00e0 inciter les gens \u00e0 se rassembler. Quant au deuxi\u00e8me accus\u00e9, il a \u00e9t\u00e9 arr\u00eat\u00e9 au quartier de Masnana dans des circonstances qui ont mis en p\u00e9ril la s\u00e9curit\u00e9 et la s\u00fbret\u00e9 des personnes.<\/p>\n<p>Les mis en cause ont \u00e9t\u00e9 plac\u00e9s en garde \u00e0 vue \u00e0 la disposition de l\u2019enqu\u00eate judiciaire men\u00e9e sous la supervision du parquet comp\u00e9tent pour \u00e9lucider les tenants et aboutissants de cette affaire, tandis que l\u2019<strong>enqu\u00eate<\/strong> se poursuit pour arr\u00eater toutes les personnes impliqu\u00e9es dans l\u2019incitation, la contribution ou la participation \u00e0 ces actes qui pourraient porter atteinte \u00e0 la s\u00e9curit\u00e9 sanitaire des citoyens et \u00e0 l\u2019ordre public.<\/p>\n<p><img decoding=\"async\" src=\"https:\/\/www.challenge.ma\/wp-content\/uploads\/2020\/03\/90588344_688610778614853_5000010427023753216_n.jpg\" alt=\"\" class=\"wp-image-133598\" srcset=\"https:\/\/www.challenge.ma\/wp-content\/uploads\/2020\/03\/90588344_688610778614853_5000010427023753216_n.jpg 504w, https:\/\/www.challenge.ma\/wp-content\/uploads\/2020\/03\/90588344_688610778614853_5000010427023753216_n-300x284.jpg 300w, https:\/\/www.challenge.ma\/wp-content\/uploads\/2020\/03\/90588344_688610778614853_5000010427023753216_n-360x341.jpg 360w\" sizes=\"(max-width: 504px) 100vw, 504px\"\/><\/p>\n<div class=\"c17\">\n<fieldset class=\"c16\">\n<legend><strong><span class=\"c11\">Challenge<\/span><span class=\"c12\">news<\/span><\/strong><\/legend>\n<div class=\"c15\">Le meilleur de Challenge s\u00e9lectionn\u00e9 par la r\u00e9daction :<\/p>\n<\/div>\n<\/fieldset>\n<\/div>\n<p>Auteur: Hajar DARI<br \/>\n<a href=\"https:\/\/www.challenge.ma\/tanger-arrestation-de-deux-individus-soupconnes-dincitation-au-rassemblement-133570\/\">Cliquez ici pour lire l&rsquo;article depuis sa source.<\/a><\/p>\n","protected":false},"excerpt":{"rendered":"<p>La police judiciaire de Tanger a arr\u00eat\u00e9, dimanche, deux individus au ant\u00e9c\u00e9dents judiciaires, soup\u00e7onn\u00e9s d\u2019incitation au rassemblement, \u00e0 la d\u00e9sob\u00e9issance, \u00e0 la mise en danger de la vie de personnes et \u00e0 la violation des mesures d\u2019urgence initi\u00e9es pour enrayer la propagation du Coronavirus. Un communiqu\u00e9 de la Direction g\u00e9n\u00e9rale de la s\u00e9curit\u00e9 nationale a [&hellip;]<\/p>\n","protected":false},"author":1787,"featured_media":79804,"comment_status":"closed","ping_status":"closed","sticky":false,"template":"","format":"standard","meta":{"fifu_image_url":"","fifu_image_alt":"","footnotes":""},"categories":[78,54],"tags":[],"class_list":["post-79803","post","type-post","status-publish","format-standard","has-post-thumbnail","hentry","category-economie","category-maroc"],"_links":{"self":[{"href":"https:\/\/linitiative.ca\/International\/wp-json\/wp\/v2\/posts\/79803","targetHints":{"allow":["GET"]}}],"collection":[{"href":"https:\/\/linitiative.ca\/International\/wp-json\/wp\/v2\/posts"}],"about":[{"href":"https:\/\/linitiative.ca\/International\/wp-json\/wp\/v2\/types\/post"}],"author":[{"embeddable":true,"href":"https:\/\/linitiative.ca\/International\/wp-json\/wp\/v2\/users\/1787"}],"replies":[{"embeddable":true,"href":"https:\/\/linitiative.ca\/International\/wp-json\/wp\/v2\/comments?post=79803"}],"version-history":[{"count":0,"href":"https:\/\/linitiative.ca\/International\/wp-json\/wp\/v2\/posts\/79803\/revisions"}],"wp:featuredmedia":[{"embeddable":true,"href":"https:\/\/linitiative.ca\/International\/wp-json\/"}],"wp:attachment":[{"href":"https:\/\/linitiative.ca\/International\/wp-json\/wp\/v2\/media?parent=79803"}],"wp:term":[{"taxonomy":"category","embeddable":true,"href":"https:\/\/linitiative.ca\/International\/wp-json\/wp\/v2\/categories?post=79803"},{"taxonomy":"post_tag","embeddable":true,"href":"https:\/\/linitiative.ca\/International\/wp-json\/wp\/v2\/tags?post=79803"}],"curies":[{"name":"wp","href":"https:\/\/api.w.org\/{rel}","templated":true}]}}