{"id":79805,"date":"2020-03-22T16:34:59","date_gmt":"2020-03-22T20:34:59","guid":{"rendered":"https:\/\/linitiative.ca\/International\/lutica-satisfaite-des-premieres-mesures-economiques-et-felicite-le-secteur-prive-pour-ses-contributions\/"},"modified":"2020-03-22T16:34:59","modified_gmt":"2020-03-22T20:34:59","slug":"lutica-satisfaite-des-premieres-mesures-economiques-et-felicite-le-secteur-prive-pour-ses-contributions","status":"publish","type":"post","link":"https:\/\/linitiative.ca\/International\/lutica-satisfaite-des-premieres-mesures-economiques-et-felicite-le-secteur-prive-pour-ses-contributions\/","title":{"rendered":"L\u2019UTICA satisfaite des premi\u00e8res mesures \u00e9conomiques et f\u00e9licite le secteur priv\u00e9 pour ses contributions"},"content":{"rendered":"<div class=\"post-cont-in left relative\">\n<p>L\u2019Union tunisienne de l\u2019Industrie, du commerce et de l\u2019artisanat (UTICA), a publi\u00e9 un communiqu\u00e9, ce dimanche 22 mars 2020, \u00e0 travers lequel elle a salu\u00e9 les nouvelles mesures annonc\u00e9es, samedi, par le chef du gouvernement <a href=\"https:\/\/www.tunisienumerique.com\/tunisie-actualite\/elyes-fakhfakh\/\" title=\"Elyes Fakhfakh\" target=\"_top\" class=\"auto-link\" rel=\"noopener noreferrer\">Elyes Fakhfakh<\/a>, dans le cadre de la lutte contre le <a href=\"https:\/\/www.tunisienumerique.com\/tunisie-actualite\/coronavirus\/\" title=\"coronavirus\" target=\"_top\" class=\"auto-link\" rel=\"noopener noreferrer\">coronavirus<\/a> en Tunisie.<\/p>\n<div class=\"code-block code-block-1 c3\"><ins class=\"adsbygoogle c2\" data-ad-layout=\"in-article\" data-ad-format=\"fluid\" data-ad-client=\"ca-pub-2102118777505746\" data-ad-slot=\"7301775417\"\/> <\/div>\n<p>Par le biais du m\u00eame communiqu\u00e9, l\u2019UTICA a f\u00e9licit\u00e9 le secteur priv\u00e9 pour ses contributions dans les mesures de lutte contre ce fl\u00e9au.<\/p>\n<p>Le patronat a, notamment, affirm\u00e9 que les entreprises allaient continuer \u00e0 approvisionner le march\u00e9 de produits de base et qu\u2019un stock strat\u00e9gique est disponible.<\/p>\n<div class=\"swp_social_panel swp_horizontal_panel swp_flat_fresh swp_default_full_color swp_individual_full_color swp_other_full_color scale-100 scale-\" data-min-width=\"1100\" data-float-color=\"#ffffff\" data-float=\"bottom\" data-float-mobile=\"bottom\" data-transition=\"slide\">\n<div class=\"nc_tweetContainer swp_share_button total_shares total_sharesalt\"><span class=\"swp_count\">5 <span class=\"swp_label\">Partages<\/span><\/span><\/div>\n<\/div>\n<p><strong>Que se passe-t-il en Tunisie?<\/strong><br \/>Nous expliquons sur notre <a href=\"https:\/\/www.youtube.com\/channel\/UCRzypVq0B_yBad5eGrwBx0Q?sub_confirmation=1\" target=\"_blank\" rel=\"noopener noreferrer\">cha\u00eene YouTube<\/a> . <a href=\"https:\/\/www.youtube.com\/channel\/UCRzypVq0B_yBad5eGrwBx0Q?sub_confirmation=1\" target=\"_blank\" rel=\"noopener noreferrer\">Abonnez-vous!<\/a><\/p>\n<div class=\"mvp-org-wrap mvp-org-logo\" itemprop=\"publisher\" itemscope=\"\" itemtype=\"https:\/\/schema.org\/Organization\"><img decoding=\"async\" src=\"https:\/\/www.tunisienumerique.com\/wp-content\/uploads\/2017\/02\/logo_tunisie_numerique.png\"\/><\/div>\n<div class=\"mvp-related-posts left relative\">\n<h4 class=\"post-header\"><span class=\"post-header\">Lire aussi<\/span><\/h4>\n<\/div>\n<div id=\"article-ad\"><ins class=\"adsbygoogle c4\" data-ad-client=\"ca-pub-2102118777505746\" data-ad-slot=\"6513972734\" data-ad-format=\"auto\" data-full-width-responsive=\"true\"\/> <\/div>\n<\/div>\n<div id=\"post-sidebar-wrap\"><ins class=\"adsbygoogle c4\" data-ad-client=\"ca-pub-2102118777505746\" data-ad-slot=\"6168283410\" data-ad-format=\"auto\" data-full-width-responsive=\"true\"\/> <\/div>\n<p>Auteur: Laameri Dorsaf<br \/>\n<a href=\"https:\/\/www.tunisienumerique.com\/lutica-satisfaite-des-premieres-mesures-economiques-et-felicite-le-secteur-prive-pour-ses-contributions\/\">Cliquez ici pour lire l&rsquo;article depuis sa source.<\/a><\/p>\n","protected":false},"excerpt":{"rendered":"<p>L\u2019Union tunisienne de l\u2019Industrie, du commerce et de l\u2019artisanat (UTICA), a publi\u00e9 un communiqu\u00e9, ce dimanche 22 mars 2020, \u00e0 travers lequel elle a salu\u00e9 les nouvelles mesures annonc\u00e9es, samedi, par le chef du gouvernement Elyes Fakhfakh, dans le cadre de la lutte contre le coronavirus en Tunisie. Par le biais du m\u00eame communiqu\u00e9, l\u2019UTICA [&hellip;]<\/p>\n","protected":false},"author":1789,"featured_media":79806,"comment_status":"closed","ping_status":"closed","sticky":false,"template":"","format":"standard","meta":{"fifu_image_url":"","fifu_image_alt":"","footnotes":""},"categories":[73,55],"tags":[],"class_list":["post-79805","post","type-post","status-publish","format-standard","has-post-thumbnail","hentry","category-actualite","category-tunisie"],"_links":{"self":[{"href":"https:\/\/linitiative.ca\/International\/wp-json\/wp\/v2\/posts\/79805","targetHints":{"allow":["GET"]}}],"collection":[{"href":"https:\/\/linitiative.ca\/International\/wp-json\/wp\/v2\/posts"}],"about":[{"href":"https:\/\/linitiative.ca\/International\/wp-json\/wp\/v2\/types\/post"}],"author":[{"embeddable":true,"href":"https:\/\/linitiative.ca\/International\/wp-json\/wp\/v2\/users\/1789"}],"replies":[{"embeddable":true,"href":"https:\/\/linitiative.ca\/International\/wp-json\/wp\/v2\/comments?post=79805"}],"version-history":[{"count":0,"href":"https:\/\/linitiative.ca\/International\/wp-json\/wp\/v2\/posts\/79805\/revisions"}],"wp:featuredmedia":[{"embeddable":true,"href":"https:\/\/linitiative.ca\/International\/wp-json\/"}],"wp:attachment":[{"href":"https:\/\/linitiative.ca\/International\/wp-json\/wp\/v2\/media?parent=79805"}],"wp:term":[{"taxonomy":"category","embeddable":true,"href":"https:\/\/linitiative.ca\/International\/wp-json\/wp\/v2\/categories?post=79805"},{"taxonomy":"post_tag","embeddable":true,"href":"https:\/\/linitiative.ca\/International\/wp-json\/wp\/v2\/tags?post=79805"}],"curies":[{"name":"wp","href":"https:\/\/api.w.org\/{rel}","templated":true}]}}