{"id":79807,"date":"2020-03-22T16:42:37","date_gmt":"2020-03-22T20:42:37","guid":{"rendered":"https:\/\/linitiative.ca\/International\/coronavirus-la-tunisie-passe-en-phase-trois-avec-le-risque-de-quatre-foyers-epidemiques-averes\/"},"modified":"2020-03-22T16:42:37","modified_gmt":"2020-03-22T20:42:37","slug":"coronavirus-la-tunisie-passe-en-phase-trois-avec-le-risque-de-quatre-foyers-epidemiques-averes","status":"publish","type":"post","link":"https:\/\/linitiative.ca\/International\/coronavirus-la-tunisie-passe-en-phase-trois-avec-le-risque-de-quatre-foyers-epidemiques-averes\/","title":{"rendered":"Coronavirus\u00a0: La Tunisie passe en phase trois avec le risque de quatre foyers \u00e9pid\u00e9miques av\u00e9r\u00e9s"},"content":{"rendered":"<div class=\"post-cont-in left relative\">\n<p>Le directeur g\u00e9n\u00e9ral des soins de sant\u00e9 de base, au minist\u00e8re de la sant\u00e9, Chokri Hammouda, a annonc\u00e9, ce dimanche soir, sur la chaine de T\u00e9l\u00e9 Al wataniya, que la Tunisie est pass\u00e9e en phase trois de l\u2019\u00e9pid\u00e9mie, suite \u00e0 l\u2019apparition de plusieurs foyers \u00e9pid\u00e9miques, o\u00f9 la contamination se fait ind\u00e9pendamment des cas import\u00e9s de l\u2019\u00e9tranger. Il a pr\u00e9cis\u00e9 que le pays pourrait compter, actuellement, quatre foyers \u00e9pid\u00e9miques \u00e0 Tunis au Lac, La Marsa, La Soukra (Ariana)\u00a0 en attendant la confirmation d\u2019un foyer \u00e0 Djerba.<\/p>\n<div class=\"code-block code-block-1 c3\"><ins class=\"adsbygoogle c2\" data-ad-layout=\"in-article\" data-ad-format=\"fluid\" data-ad-client=\"ca-pub-2102118777505746\" data-ad-slot=\"7301775417\"\/> <\/div>\n<p>Dans cette phase, il y a un risque important de contamination de nouveaux malades et, m\u00eame du personnel de la sant\u00e9, au niveau des h\u00f4pitaux.<\/p>\n<p>C\u2019est pour cette raison, a-t-il ajout\u00e9 que le minist\u00e8re est pass\u00e9 \u00e0 l\u2019application, toujours par anticipation, des mesures de pr\u00e9ventions de la quatri\u00e8me phase.<\/p>\n<div class=\"swp_social_panel swp_horizontal_panel swp_flat_fresh swp_default_full_color swp_individual_full_color swp_other_full_color scale-100 scale-\" data-min-width=\"1100\" data-float-color=\"#ffffff\" data-float=\"bottom\" data-float-mobile=\"bottom\" data-transition=\"slide\">\n<div class=\"nc_tweetContainer swp_share_button total_shares total_sharesalt\"><span class=\"swp_count\">29 <span class=\"swp_label\">Partages<\/span><\/span><\/div>\n<\/div>\n<p><strong>Que se passe-t-il en Tunisie?<\/strong><br \/>Nous expliquons sur notre <a href=\"https:\/\/www.youtube.com\/channel\/UCRzypVq0B_yBad5eGrwBx0Q?sub_confirmation=1\" target=\"_blank\" rel=\"noopener noreferrer\">cha\u00eene YouTube<\/a> . <a href=\"https:\/\/www.youtube.com\/channel\/UCRzypVq0B_yBad5eGrwBx0Q?sub_confirmation=1\" target=\"_blank\" rel=\"noopener noreferrer\">Abonnez-vous!<\/a><\/p>\n<div class=\"mvp-org-wrap mvp-org-logo\" itemprop=\"publisher\" itemscope=\"\" itemtype=\"https:\/\/schema.org\/Organization\"><img decoding=\"async\" src=\"https:\/\/www.tunisienumerique.com\/wp-content\/uploads\/2017\/02\/logo_tunisie_numerique.png\"\/><\/div>\n<div class=\"mvp-related-posts left relative\">\n<h4 class=\"post-header\"><span class=\"post-header\">Lire aussi<\/span><\/h4>\n<\/div>\n<div id=\"article-ad\"><ins class=\"adsbygoogle c4\" data-ad-client=\"ca-pub-2102118777505746\" data-ad-slot=\"6513972734\" data-ad-format=\"auto\" data-full-width-responsive=\"true\"\/> <\/div>\n<\/div>\n<div id=\"post-sidebar-wrap\"><ins class=\"adsbygoogle c4\" data-ad-client=\"ca-pub-2102118777505746\" data-ad-slot=\"6168283410\" data-ad-format=\"auto\" data-full-width-responsive=\"true\"\/> <\/div>\n<p>Auteur: LM<br \/>\n<a href=\"https:\/\/www.tunisienumerique.com\/coronavirus-la-tunisie-passe-en-phase-trois-avec-le-risque-de-quatre-foyers-epidemiques-averes\/\">Cliquez ici pour lire l&rsquo;article depuis sa source.<\/a><\/p>\n","protected":false},"excerpt":{"rendered":"<p>Le directeur g\u00e9n\u00e9ral des soins de sant\u00e9 de base, au minist\u00e8re de la sant\u00e9, Chokri Hammouda, a annonc\u00e9, ce dimanche soir, sur la chaine de T\u00e9l\u00e9 Al wataniya, que la Tunisie est pass\u00e9e en phase trois de l\u2019\u00e9pid\u00e9mie, suite \u00e0 l\u2019apparition de plusieurs foyers \u00e9pid\u00e9miques, o\u00f9 la contamination se fait ind\u00e9pendamment des cas import\u00e9s de [&hellip;]<\/p>\n","protected":false},"author":1789,"featured_media":79808,"comment_status":"closed","ping_status":"closed","sticky":false,"template":"","format":"standard","meta":{"fifu_image_url":"","fifu_image_alt":"","footnotes":""},"categories":[73,55],"tags":[],"class_list":["post-79807","post","type-post","status-publish","format-standard","has-post-thumbnail","hentry","category-actualite","category-tunisie"],"_links":{"self":[{"href":"https:\/\/linitiative.ca\/International\/wp-json\/wp\/v2\/posts\/79807","targetHints":{"allow":["GET"]}}],"collection":[{"href":"https:\/\/linitiative.ca\/International\/wp-json\/wp\/v2\/posts"}],"about":[{"href":"https:\/\/linitiative.ca\/International\/wp-json\/wp\/v2\/types\/post"}],"author":[{"embeddable":true,"href":"https:\/\/linitiative.ca\/International\/wp-json\/wp\/v2\/users\/1789"}],"replies":[{"embeddable":true,"href":"https:\/\/linitiative.ca\/International\/wp-json\/wp\/v2\/comments?post=79807"}],"version-history":[{"count":0,"href":"https:\/\/linitiative.ca\/International\/wp-json\/wp\/v2\/posts\/79807\/revisions"}],"wp:featuredmedia":[{"embeddable":true,"href":"https:\/\/linitiative.ca\/International\/wp-json\/"}],"wp:attachment":[{"href":"https:\/\/linitiative.ca\/International\/wp-json\/wp\/v2\/media?parent=79807"}],"wp:term":[{"taxonomy":"category","embeddable":true,"href":"https:\/\/linitiative.ca\/International\/wp-json\/wp\/v2\/categories?post=79807"},{"taxonomy":"post_tag","embeddable":true,"href":"https:\/\/linitiative.ca\/International\/wp-json\/wp\/v2\/tags?post=79807"}],"curies":[{"name":"wp","href":"https:\/\/api.w.org\/{rel}","templated":true}]}}