{"id":79811,"date":"2020-03-22T16:57:55","date_gmt":"2020-03-22T20:57:55","guid":{"rendered":"https:\/\/linitiative.ca\/International\/algerie-le-president-abdelmadjid-tebboune-reagit-a-la-chute-du-prix-de-petrole\/"},"modified":"2020-03-22T16:57:55","modified_gmt":"2020-03-22T20:57:55","slug":"algerie-le-president-abdelmadjid-tebboune-reagit-a-la-chute-du-prix-de-petrole","status":"publish","type":"post","link":"https:\/\/linitiative.ca\/International\/algerie-le-president-abdelmadjid-tebboune-reagit-a-la-chute-du-prix-de-petrole\/","title":{"rendered":"Alg\u00e9rie\u00a0: Le pr\u00e9sident Abdelmadjid Tebboune r\u00e9agit \u00e0 la chute du prix de p\u00e9trole"},"content":{"rendered":"<div class=\"post-cont-in left relative\">\n<p>Le pr\u00e9sident Abdelmadjid Tebboune \u00a0a pr\u00e9sid\u00e9 le conseil des ministres, ce dimanche 22 mars 2020 concernant l\u2019important recul des recettes de l\u2019\u00c9tat suite \u00e0 la chute des prix du p\u00e9trole.<\/p>\n<div class=\"code-block code-block-1 c3\"><ins class=\"adsbygoogle c2\" data-ad-layout=\"in-article\" data-ad-format=\"fluid\" data-ad-client=\"ca-pub-2102118777505746\" data-ad-slot=\"7301775417\"\/> <\/div>\n<p>Les principales mesures prises\u00a0:<\/p>\n<p>\u2013 \u00a0R\u00e9duire la facture des importations de 41 \u00e0 31 milliards de dollars et la r\u00e9vision \u00e0 la baisse de 30% du budget de fonctionnement de l\u2019\u00c9tat, sans incidence toutefois sur la masse salariale<\/p>\n<p>\u2013 Se passer du recours aux cabinets d\u2019expertise \u00e9trangers, ce qui permettra d\u2019\u00e9conomiser 7 milliards de dollars annuellement<\/p>\n<p>\u2013 Reporter le lancement des projets programm\u00e9s, dont la r\u00e9alisation n\u2019a pas \u00e9t\u00e9 entam\u00e9e, \u00e0 l\u2019exception de ceux des \u00ab zones de l\u2019ombre \u00bb et de l\u2019h\u00f4pital pour canc\u00e9reux pr\u00e9vu \u00e0 Djelfa<\/p>\n<p>\u2013 Exclure le secteur de la sant\u00e9 de ce programme d\u2019aust\u00e9rit\u00e9 \u00e0 cause de <a href=\"https:\/\/www.tunisienumerique.com\/tunisie-actualite\/coronavirus\/\" title=\"Coronavirus\" target=\"_top\" class=\"auto-link\" rel=\"noopener noreferrer\">Coronavirus<\/a><\/p>\n<p>\u2013 Exclure le secteur de l\u2019\u00e9ducation de ce programme d\u2019aust\u00e9rit\u00e9<\/p>\n<p>\u2013 R\u00e9duire de 14 \u00e0 7 milliards de dollars les charges d\u2019exploitation et les co\u00fbts d\u2019investissement de la compagnie nationale Sonatrach<\/p>\n<p>\u2013 Encourager l\u2019int\u00e9gration financi\u00e8re par la facilitation de l\u2019octroi des cr\u00e9dits, en axant sur la num\u00e9risation et les produits innovants<\/p>\n<p>\u2013 Encourager la finance islamique et acc\u00e9l\u00e9rer les op\u00e9rations de recouvrement des imp\u00f4ts et des cr\u00e9dits accord\u00e9s par les banques publiques.<\/p>\n<p>\u2013 Encourager l\u2019investissement public, priv\u00e9 ou \u00e9tranger dans le domaine de l\u2019agriculture et dans les fili\u00e8res qui permettent d\u2019assurer la s\u00e9curit\u00e9 alimentaire, comme les c\u00e9r\u00e9ales, notamment le ma\u00efs, les huiles et le sucre.<\/p>\n<p>Le pr\u00e9sident alg\u00e9rien Tebboune a pr\u00e9cis\u00e9 que la crise en cours va amener l\u2019Alg\u00e9rie \u00e0 revoir les priorit\u00e9s de la relance \u00e9conomique, sans toucher ce qui est vital.<\/p>\n<div class=\"swp_social_panel swp_horizontal_panel swp_flat_fresh swp_default_full_color swp_individual_full_color swp_other_full_color scale-100 scale-\" data-min-width=\"1100\" data-float-color=\"#ffffff\" data-float=\"bottom\" data-float-mobile=\"bottom\" data-transition=\"slide\">\n<div class=\"nc_tweetContainer swp_share_button total_shares total_sharesalt\"><span class=\"swp_count\">1 <span class=\"swp_label\">Partages<\/span><\/span><\/div>\n<\/div>\n<p><strong>Que se passe-t-il en Tunisie?<\/strong><br \/>Nous expliquons sur notre <a href=\"https:\/\/www.youtube.com\/channel\/UCRzypVq0B_yBad5eGrwBx0Q?sub_confirmation=1\" target=\"_blank\" rel=\"noopener noreferrer\">cha\u00eene YouTube<\/a> . <a href=\"https:\/\/www.youtube.com\/channel\/UCRzypVq0B_yBad5eGrwBx0Q?sub_confirmation=1\" target=\"_blank\" rel=\"noopener noreferrer\">Abonnez-vous!<\/a><\/p>\n<div class=\"mvp-org-wrap mvp-org-logo\" itemprop=\"publisher\" itemscope=\"\" itemtype=\"https:\/\/schema.org\/Organization\"><img decoding=\"async\" src=\"https:\/\/www.tunisienumerique.com\/wp-content\/uploads\/2017\/02\/logo_tunisie_numerique.png\"\/><\/div>\n<div class=\"mvp-related-posts left relative\">\n<h4 class=\"post-header\"><span class=\"post-header\">Lire aussi<\/span><\/h4>\n<\/div>\n<div id=\"article-ad\"><ins class=\"adsbygoogle c4\" data-ad-client=\"ca-pub-2102118777505746\" data-ad-slot=\"6513972734\" data-ad-format=\"auto\" data-full-width-responsive=\"true\"\/> <\/div>\n<\/div>\n<div id=\"post-sidebar-wrap\"><ins class=\"adsbygoogle c4\" data-ad-client=\"ca-pub-2102118777505746\" data-ad-slot=\"6168283410\" data-ad-format=\"auto\" data-full-width-responsive=\"true\"\/> <\/div>\n<p>Auteur: balkis<br \/>\n<a href=\"https:\/\/www.tunisienumerique.com\/algerie-le-president-abdelmadjid-tebboune-reagit-a-la-chute-du-prix-de-petrole\/\">Cliquez ici pour lire l&rsquo;article depuis sa source.<\/a><\/p>\n","protected":false},"excerpt":{"rendered":"<p>Le pr\u00e9sident Abdelmadjid Tebboune \u00a0a pr\u00e9sid\u00e9 le conseil des ministres, ce dimanche 22 mars 2020 concernant l\u2019important recul des recettes de l\u2019\u00c9tat suite \u00e0 la chute des prix du p\u00e9trole. Les principales mesures prises\u00a0: \u2013 \u00a0R\u00e9duire la facture des importations de 41 \u00e0 31 milliards de dollars et la r\u00e9vision \u00e0 la baisse de 30% [&hellip;]<\/p>\n","protected":false},"author":1789,"featured_media":79812,"comment_status":"closed","ping_status":"closed","sticky":false,"template":"","format":"standard","meta":{"fifu_image_url":"","fifu_image_alt":"","footnotes":""},"categories":[73,55],"tags":[],"class_list":["post-79811","post","type-post","status-publish","format-standard","has-post-thumbnail","hentry","category-actualite","category-tunisie"],"_links":{"self":[{"href":"https:\/\/linitiative.ca\/International\/wp-json\/wp\/v2\/posts\/79811","targetHints":{"allow":["GET"]}}],"collection":[{"href":"https:\/\/linitiative.ca\/International\/wp-json\/wp\/v2\/posts"}],"about":[{"href":"https:\/\/linitiative.ca\/International\/wp-json\/wp\/v2\/types\/post"}],"author":[{"embeddable":true,"href":"https:\/\/linitiative.ca\/International\/wp-json\/wp\/v2\/users\/1789"}],"replies":[{"embeddable":true,"href":"https:\/\/linitiative.ca\/International\/wp-json\/wp\/v2\/comments?post=79811"}],"version-history":[{"count":0,"href":"https:\/\/linitiative.ca\/International\/wp-json\/wp\/v2\/posts\/79811\/revisions"}],"wp:featuredmedia":[{"embeddable":true,"href":"https:\/\/linitiative.ca\/International\/wp-json\/"}],"wp:attachment":[{"href":"https:\/\/linitiative.ca\/International\/wp-json\/wp\/v2\/media?parent=79811"}],"wp:term":[{"taxonomy":"category","embeddable":true,"href":"https:\/\/linitiative.ca\/International\/wp-json\/wp\/v2\/categories?post=79811"},{"taxonomy":"post_tag","embeddable":true,"href":"https:\/\/linitiative.ca\/International\/wp-json\/wp\/v2\/tags?post=79811"}],"curies":[{"name":"wp","href":"https:\/\/api.w.org\/{rel}","templated":true}]}}