{"id":79816,"date":"2020-03-22T12:59:40","date_gmt":"2020-03-22T16:59:40","guid":{"rendered":"https:\/\/linitiative.ca\/International\/mesures-preventives-du-president-du-faso-contre-le-coronavirus\/"},"modified":"2020-03-22T12:59:40","modified_gmt":"2020-03-22T16:59:40","slug":"mesures-preventives-du-president-du-faso-contre-le-coronavirus","status":"publish","type":"post","link":"https:\/\/linitiative.ca\/International\/mesures-preventives-du-president-du-faso-contre-le-coronavirus\/","title":{"rendered":"MESURES PREVENTIVES DU PRESIDENT DU FASO CONTRE LE CORONAVIRUS\u00a0"},"content":{"rendered":"<div class=\"stream-item stream-item-above-post-content\">\n<p><noscript><\/p>\n<p><a href=\"\/\/www3.smartadserver.com\/ac?jump=1&amp;nwid=2136&amp;siteid=240610&amp;pgname=rg&amp;fmtid=49046&amp;visit=m&amp;tmstp=[timestamp]&amp;out=nonrich\" target=\"_blank\" rel=\"noopener noreferrer\"><img decoding=\"async\" src=\"http:\/\/www3.smartadserver.com\/ac?out=nonrich&amp;nwid=2136&amp;siteid=240610&amp;pgname=rg&amp;fmtid=49046&amp;visit=m&amp;tmstp=[timestamp]\" border=\"0\" alt=\"\"\/><\/a><\/p>\n<p><\/noscript><\/div>\n<p class=\"c3\"><em>C\u2019est une op\u00e9ration d\u00e9minage grandeur nature que le pr\u00e9sident du Faso a d\u00e9cr\u00e9t\u00e9e vendredi dernier afin de stopper la propagation de la pand\u00e9mie du coronavirus au Burkina Faso. C\u2019est vrai que nous sommes encore loin de la fulgurance avec laquelle le Covid-19 s\u2019est r\u00e9pandue dans des pays comme la Chine, l\u2019Italie, l\u2019Espagne ou l\u2019Iran, mais c\u2019est un devoir pour le commandant en chef de prendre des mesures d\u2019urgence pour, dans un premier temps, casser la cha\u00eene de transmission du virus, et dans un deuxi\u00e8me temps \u00ab\u00a0le bouter hors du Burkina\u00a0\u00bb. Ainsi, tous les rassemblements sociaux, culturels ou politiques de plus de 50 personnes, seront bannis pour compter du 21 mars, qu\u2019ils soient pr\u00e9vus dans des espaces ferm\u00e9s ou en plein air et ce, en attendant l\u2019\u00e9valuation prochaine de la situation en vue d\u2019\u00e9ventuels r\u00e9ajustements. Il a \u00e9galement appel\u00e9 les Burkinab\u00e8 \u00e0 se calfeutrer chez eux et pour deux semaines durant, de 7 h du soir \u00e0 5 h du matin. Dans le m\u00eame temps, le pays sera coup\u00e9 du reste du monde, et nos compatriotes ont \u00e9t\u00e9 invit\u00e9s \u00e0 limiter les d\u00e9placements autant que possible d\u2019une ville \u00e0 une autre, d\u2019une r\u00e9gion \u00e0 une autre. Des mesures v\u00e9ritablement pr\u00e9ventives pour les uns, cosm\u00e9tiques pour les autres\u00a0; ces derniers estimant \u00e0 tort ou \u00e0 raison que tant que les march\u00e9s et yaars resteront achaland\u00e9s, et les transports en commun ne seront pas interdits, le Covid-19 aura de beaux jours devant lui au Burkina Faso. Selon eux, il e\u00fbt fallu d\u00e9cr\u00e9ter rien moins que l\u2019Etat d\u2019urgence sanitaire et donner des pouvoirs additionnels aux forces de s\u00e9curit\u00e9 int\u00e9rieure (Police, Gendarmerie) pour faire respecter les mesures de distanciation sociale requise dans le cas d\u2019esp\u00e8ce. Ce raisonnement n\u2019est pas d\u00e9nu\u00e9 de sens, surtout dans un pays comme le n\u00f4tre o\u00f9 la capacit\u00e9 de prise en charge des patients en soins critiques, est tr\u00e8s limit\u00e9e. Mais n\u2019oublions pas que la plupart de nos compatriotes tirent leurs revenus de l\u2019\u00e9conomie informelle et que, de ce fait, des mesures trop restrictives entra\u00eeneraient \u00e0 moyen, peut-\u00eatre m\u00eame \u00e0 court terme, de s\u00e9rieux probl\u00e8mes de survie.<\/em><\/p>\n<p class=\"c3\"><strong><em>Esp\u00e9rons que nous ferons tous preuve de civisme et de responsabilit\u00e9 en \u00e9vitant de jouer \u00e0 la roulette russe avec la sant\u00e9 de chacun<\/em><\/strong><\/p>\n<p class=\"c3\"><em>Certes, des dizaines de Burkinab\u00e8, et sans doute bien davantage, ont d\u00e9j\u00e0 contract\u00e9 l\u2019insidieux virus, mais ce serait \u00e9norm\u00e9ment risqu\u00e9 pour le pr\u00e9sident du Faso de mettre le pays en quarantaine g\u00e9n\u00e9ralis\u00e9e, car les cons\u00e9quences \u00e9conomiques et sociales seront terribles\u00a0: beaucoup d\u2019employeurs mettront la cl\u00e9 sous la porte, les h\u00f4tels et les grands magasins vont subir de plein fouet la fermeture des fronti\u00e8res, bref le pays plongera \u00e0 coup s\u00fbr dans une r\u00e9cession avec des pans entiers de notre \u00e9conomie qui seront sinistr\u00e9s. Mais comme de deux maux, il faut choisir le moindre, le gouvernement burkinab\u00e8, \u00e0 l\u2019instar des autres, a opt\u00e9 pour le confinement des populations autant que faire se peut en raison de l\u2019absence de traitement fiable contre le mal, de son mode de contamination et de la mutation g\u00e9n\u00e9tique possible qui conf\u00e9rerait une dangerosit\u00e9 accrue au virus. Mais une chose est de prendre une batterie de mesures cens\u00e9es \u00eatre salvatrices, une autre plus difficile dans ce pays de grognards, est de les faire respecter. Esp\u00e9rons que pour cette fois-ci, nous ferons tous preuve de civisme et de responsabilit\u00e9 en \u00e9vitant de jouer \u00e0 la roulette russe avec la sant\u00e9 de chacun. Il faut noter d\u2019ailleurs que ce n\u2019est pas la premi\u00e8re fois que des populations ont \u00e9t\u00e9 appel\u00e9es \u00e0 la claustration pour \u00e9viter la propagation massive de maladies potentiellement end\u00e9miques. On l\u2019avait vu au lendemain de la Premi\u00e8re Guerre mondiale quand, dans une Europe d\u00e9vast\u00e9e par le conflit et au syst\u00e8me de sant\u00e9 moribond, les diff\u00e9rents gouvernements n\u2019avaient pas eu d\u2019autre choix que de confiner les survivants de la guerre afin de stopper l\u2019\u00e9pid\u00e9mie de grippe dite espagnole qui s\u2019y \u00e9tait r\u00e9pandue comme une \u00a0tra\u00een\u00e9e de poudre \u00e0 la faveur des gigantesques manifestations de rue organis\u00e9es pour c\u00e9l\u00e9brer la victoire des Alli\u00e9s sur l\u2019Allemagne nazie. Plus r\u00e9cemment et cette fois-ci en Afrique de l\u2019Ouest, c\u2019est par ce m\u00eame moyen de confinement que les pays du golfe de Guin\u00e9e ont r\u00e9ussi \u00e0 circonscrire avec succ\u00e8s un autre virus autrement plus l\u00e9tal\u00a0: Ebola. Quoi qu\u2019on dise donc, l\u2019adresse \u00e0 la Nation du pr\u00e9sident du Faso en fin de semaine derni\u00e8re, a d\u00e9j\u00e0 le m\u00e9rite de faire prendre conscience \u00e0 tous ces Burkinab\u00e8 incr\u00e9dules, que l\u2019heure est grave comme on dit. Mais ce discours aurait \u00e9t\u00e9 mieux compris et appr\u00e9ci\u00e9 s\u2019il avait annonc\u00e9 dans la foul\u00e9e des dispositions prises pour \u00e9viter les risques de faillite auquel seront livr\u00e9s certains acteurs du monde \u00e9conomique, des mesures d\u2019accompagnement en faveur de nos compatriotes aux revenus modestes, si la situation restait en l\u2019\u00e9tat des semaines ou des mois durant. Qu\u2019\u00e0 cela ne tienne, nous devons, face \u00e0 cette nouvelle adversit\u00e9, nous serrer les coudes et respecter scrupuleusement ces mesures restrictives de libert\u00e9 in\u00e9dites, si nous ne voulons pas voir se r\u00e9aliser les proph\u00e9ties apocalyptiques de ceux qui annon\u00e7aient l\u2019ouverture \u00ab\u00a0des portes de l\u2019enfer\u00a0\u00bb dans notre pays. Une chose est s\u00fbre, ce Covid-19 laissera des traces au Burkina Faso sur le plan sanitaire, mais aussi sur le plan politique, \u00e0 un an de l\u2019\u00e9lection pr\u00e9sidentielle. Car, en plus de la gestion du ph\u00e9nom\u00e8ne du terrorisme et de la fronde sociale qui sont, du reste, pass\u00e9s ces derniers temps au second plan dans les conversations, la mani\u00e8re dont nous sortirons de cette nouvelle crise sera forc\u00e9ment scrut\u00e9e \u00e0 la loupe par nos compatriotes afin d\u2019\u00e9valuer objectivement, le moment venu, la capacit\u00e9 du pr\u00e9sident Kabor\u00e9 \u00e0 tenir la barque et \u00e0 faire face \u00e0 l\u2019\u00e9preuve, comme il l\u2019avait promis aux Burkinab\u00e8 \u00e0 l\u2019entame de ce premier mandat particuli\u00e8rement mouvement\u00e9, le 29 d\u00e9cembre 2015.<\/em><\/p>\n<p class=\"c3\"><strong><em>Hamadou GADIAGA<\/em><\/strong><\/p>\n<p>Auteur: Le Pays<br \/>\n<a href=\"http:\/\/lepays.bf\/mesures-preventives-du-president-du-faso-contre-le-coronavirus\/\">Cliquez ici pour lire l&rsquo;article depuis sa source.<\/a><\/p>\n","protected":false},"excerpt":{"rendered":"<p>C\u2019est une op\u00e9ration d\u00e9minage grandeur nature que le pr\u00e9sident du Faso a d\u00e9cr\u00e9t\u00e9e vendredi dernier afin de stopper la propagation de la pand\u00e9mie du coronavirus au Burkina Faso. C\u2019est vrai que nous sommes encore loin de la fulgurance avec laquelle le Covid-19 s\u2019est r\u00e9pandue dans des pays comme la Chine, l\u2019Italie, l\u2019Espagne ou l\u2019Iran, mais [&hellip;]<\/p>\n","protected":false},"author":1813,"featured_media":0,"comment_status":"closed","ping_status":"closed","sticky":false,"template":"","format":"standard","meta":{"fifu_image_url":"","fifu_image_alt":"","footnotes":""},"categories":[73,81],"tags":[],"class_list":["post-79816","post","type-post","status-publish","format-standard","hentry","category-actualite","category-burkina-faso"],"_links":{"self":[{"href":"https:\/\/linitiative.ca\/International\/wp-json\/wp\/v2\/posts\/79816","targetHints":{"allow":["GET"]}}],"collection":[{"href":"https:\/\/linitiative.ca\/International\/wp-json\/wp\/v2\/posts"}],"about":[{"href":"https:\/\/linitiative.ca\/International\/wp-json\/wp\/v2\/types\/post"}],"author":[{"embeddable":true,"href":"https:\/\/linitiative.ca\/International\/wp-json\/wp\/v2\/users\/1813"}],"replies":[{"embeddable":true,"href":"https:\/\/linitiative.ca\/International\/wp-json\/wp\/v2\/comments?post=79816"}],"version-history":[{"count":0,"href":"https:\/\/linitiative.ca\/International\/wp-json\/wp\/v2\/posts\/79816\/revisions"}],"wp:attachment":[{"href":"https:\/\/linitiative.ca\/International\/wp-json\/wp\/v2\/media?parent=79816"}],"wp:term":[{"taxonomy":"category","embeddable":true,"href":"https:\/\/linitiative.ca\/International\/wp-json\/wp\/v2\/categories?post=79816"},{"taxonomy":"post_tag","embeddable":true,"href":"https:\/\/linitiative.ca\/International\/wp-json\/wp\/v2\/tags?post=79816"}],"curies":[{"name":"wp","href":"https:\/\/api.w.org\/{rel}","templated":true}]}}