{"id":79817,"date":"2020-03-22T14:18:04","date_gmt":"2020-03-22T18:18:04","guid":{"rendered":"https:\/\/linitiative.ca\/International\/senegal-le-coronavirus-porte-un-coup-de-massue-au-tourisme\/"},"modified":"2020-03-22T14:18:04","modified_gmt":"2020-03-22T18:18:04","slug":"senegal-le-coronavirus-porte-un-coup-de-massue-au-tourisme","status":"publish","type":"post","link":"https:\/\/linitiative.ca\/International\/senegal-le-coronavirus-porte-un-coup-de-massue-au-tourisme\/","title":{"rendered":"S\u00e9n\u00e9gal : le coronavirus porte un \u00ab coup de massue \u00bb au tourisme"},"content":{"rendered":"<div readability=\"32\">\n<p>Publi\u00e9 le 22.03.2020 \u00e0 19h18 par APA News<\/p>\n<\/div>\n<div readability=\"140\">\n<p>Le secteur touristique s\u00e9n\u00e9galais risque d\u2019avoir du plomb dans l\u2019aile avec la fermeture totale de l\u2019espace a\u00e9rien entrant dans le cadre de la riposte contre le coronavirus.Le gouvernement, apr\u00e8s avoir constat\u00e9 la r\u00e9currence des cas import\u00e9s de Covid-19 ou coronavirus, a d\u00e9cid\u00e9 de suspendre tous les vols en provenance et \u00e0 destination du S\u00e9n\u00e9gal du 20 mars au 17 avril 2020.<\/p>\n<p>Selon un communiqu\u00e9 du minist\u00e8re du Tourisme et des Transports a\u00e9riens, cette mesure s\u2019applique dans toute sa rigueur \u00e0 \u00ab l\u2019exception des vols domestiques entre l\u2019A\u00e9roport International Blaise Diagne de Diass (AIBD) et Ziguinchor (sud), des vols cargo, des \u00e9vacuations sanitaires et des vols sp\u00e9ciaux autoris\u00e9s \u00bb.<\/p>\n<p>En conf\u00e9rence de presse jeudi dernier, Amadou Hott, le ministre de l\u2019Economie, du Plan et de la Coop\u00e9ration internationale a annonc\u00e9 un \u00ab plan de contingence de 64 milliards F CFA \u00bb dans le but de renforcer le syst\u00e8me sanitaire du pays.<\/p>\n<p>Au cours de ces \u00e9changes \u00e0 b\u00e2tons rompus, M. Hott n\u2019a pas manqu\u00e9 de relever l\u2019impasse que va traverser l\u2019\u00e9conomie nationale et surtout le tourisme durant cette p\u00e9riode. \u00ab Le transport a\u00e9rien, notamment Air S\u00e9n\u00e9gal, l\u2019AIBD et toutes les structures autour de cette plateforme, les soci\u00e9t\u00e9s d\u2019h\u00f4tellerie, les restaurants et les agences de voyage seront forc\u00e9ment impact\u00e9s par la suspension des vols \u00bb, a d\u00e9clar\u00e9 l\u2019ancien vice-pr\u00e9sident de la Banque africaine de d\u00e9veloppement (Bad).<\/p>\n<p>En moyenne, le S\u00e9n\u00e9gal accueille 1,6 million de touristes par an. Pour ce pays, la crise sanitaire qui secoue le monde entra\u00eenera une baisse significative du chiffre d\u2019affaires des entreprises de ce secteur mais aussi de leurs fournisseurs. Le maintien des emplois sera certainement un combat permanent.<\/p>\n<p>En marche vers l\u2019inconnu<\/p>\n<p>Sous le couvert de l\u2019anonymat, un g\u00e9rant d\u2019une agence de voyages \u00e0 Dakar ne dit pas le contraire : \u00ab J\u2019observe pour le moment l\u2019\u00e9volution (de la situation) avant de prendre des d\u00e9cisions \u00bb. Celles-ci peuvent aller du ch\u00f4mage partiel jusqu\u2019au licenciement. En tout cas, ce chef d\u2019entreprise employant une \u00ab vingtaine \u00bb de personnes, commence d\u00e9j\u00e0 \u00e0 \u00ab ressentir \u00bb les effets de la fermeture des fronti\u00e8res a\u00e9riennes.<\/p>\n<p>Jusque-l\u00e0, le gouvernement du S\u00e9n\u00e9gal n\u2019a pas encore rendu publique sa strat\u00e9gie de soutien aux entreprises dont la bonne sant\u00e9 est tributaire de la circulation des personnes et des biens. A propos du moratoire fiscal tant souhait\u00e9 par nombre d\u2019acteurs du secteur priv\u00e9, le ministre Amadou Hott a signifi\u00e9 que \u00ab ce n\u2019est pas \u00e0 l\u2019ordre du jour \u00bb.\u00a0<\/p>\n<p>Mais le g\u00e9rant de l\u2019agence de voyages tire la sonnette d\u2019alarme : \u00ab C\u2019est un coup de massue qu\u2019on re\u00e7oit. Tout est en stand-by \u00bb. Et m\u00eame s\u2019il n\u2019a pas baiss\u00e9 pavillon, ses activit\u00e9s ne se limitent qu\u2019aux \u00ab recouvrements \u00bb. Alors que sa soci\u00e9t\u00e9 offrait un certain nombre de services comme la vente de billets d\u2019avion, le convoi de p\u00e8lerins \u00e0 La Mecque et les r\u00e9servations d\u2019h\u00f4tel. Ses principaux clients \u00e9taient les ONG, les entreprises, les particuliers et les commer\u00e7ants dont \u00ab la plupart se rendait en Chine \u00bb, o\u00f9 la maladie s\u2019est d\u00e9clar\u00e9e en d\u00e9cembre 2019. Aujourd\u2019hui, laisse entendre le responsable de cette agence, \u00ab beaucoup d\u2019ateliers, de rencontres, de vols\u2026 ont \u00e9t\u00e9 annul\u00e9s \u00bb.<\/p>\n<p>Portes closes<\/p>\n<p>Dans la station baln\u00e9aire de Saly Portudal (pr\u00e8s de 80 km au sud-est de Dakar), les complexes h\u00f4teliers voient les r\u00e9servations s\u2019effriter. Au Lamantin beach h\u00f4tel o\u00f9 trois cas positifs de coronavirus ont \u00e9t\u00e9 enregistr\u00e9s selon la presse, le directeur associ\u00e9, Eric Philibert a indiqu\u00e9 que la sant\u00e9 publique prime sur la course au chiffre d\u2019affaires.<\/p>\n<p>\u00ab Nous avons mis en place des +barrages+ avec deux infirmiers qui contr\u00f4laient la temp\u00e9rature de chacun de nos employ\u00e9s deux fois par jour. Le directeur a sensibilis\u00e9 tous nos employ\u00e9s sur les m\u00e9thodes de d\u00e9sinfection, les comportements \u00e0 adopter et les risques encourus. Mais devant les mauvaises habitudes tant des touristes que des employ\u00e9s, nous avons d\u00e9cid\u00e9 de fermer l\u2019h\u00f4tel afin de ne pas exposer les gens \u00bb, a-t-il expliqu\u00e9.<\/p>\n<p>A travers le monde, quelque 300.000 personnes ont d\u00e9j\u00e0 contract\u00e9 le virus, l\u00e0 o\u00f9 plus de 13.000 en sont mortes, d\u2019apr\u00e8s un bilan consult\u00e9 ce dimanche. Selon la Commission Economique Africaine (CEA), cit\u00e9e par le ministre Amadou Hott, l\u2019Afrique pourrait voir sa croissance passer de 3,2% \u00e0 environ 2% seulement en 2020 \u00e0 cause des effets n\u00e9gatifs du coronavirus.<\/p>\n<p>Cependant, \u00ab les pays africains peuvent, selon la CEA, att\u00e9nuer ces effets n\u00e9gatifs en promouvant le commerce intra-africain et en proc\u00e9dant \u00e0 des r\u00e9arrangements budg\u00e9taires pour red\u00e9finir les priorit\u00e9s de d\u00e9penses et limiter les d\u00e9ficits \u00bb, a soulign\u00e9 son compatriote \u00e9conomiste, Moubarack L\u00f4, dans une tribune intitul\u00e9e \u00ab Le coronavirus et nous \u00bb.<\/p>\n<\/div>\n<p>Auteur: APA News<br \/>\n<a href=\"https:\/\/www.journalducameroun.com\/senegal-le-coronavirus-porte-un-coup-de-massue-au-tourisme\/\">Cliquez ici pour lire l&rsquo;article depuis sa source.<\/a><\/p>\n","protected":false},"excerpt":{"rendered":"<p>Publi\u00e9 le 22.03.2020 \u00e0 19h18 par APA News Le secteur touristique s\u00e9n\u00e9galais risque d\u2019avoir du plomb dans l\u2019aile avec la fermeture totale de l\u2019espace a\u00e9rien entrant dans le cadre de la riposte contre le coronavirus.Le gouvernement, apr\u00e8s avoir constat\u00e9 la r\u00e9currence des cas import\u00e9s de Covid-19 ou coronavirus, a d\u00e9cid\u00e9 de suspendre tous les vols [&hellip;]<\/p>\n","protected":false},"author":1965,"featured_media":0,"comment_status":"closed","ping_status":"closed","sticky":false,"template":"","format":"standard","meta":{"fifu_image_url":"","fifu_image_alt":"","footnotes":""},"categories":[73,82],"tags":[],"class_list":["post-79817","post","type-post","status-publish","format-standard","hentry","category-actualite","category-cameroun"],"_links":{"self":[{"href":"https:\/\/linitiative.ca\/International\/wp-json\/wp\/v2\/posts\/79817","targetHints":{"allow":["GET"]}}],"collection":[{"href":"https:\/\/linitiative.ca\/International\/wp-json\/wp\/v2\/posts"}],"about":[{"href":"https:\/\/linitiative.ca\/International\/wp-json\/wp\/v2\/types\/post"}],"author":[{"embeddable":true,"href":"https:\/\/linitiative.ca\/International\/wp-json\/wp\/v2\/users\/1965"}],"replies":[{"embeddable":true,"href":"https:\/\/linitiative.ca\/International\/wp-json\/wp\/v2\/comments?post=79817"}],"version-history":[{"count":0,"href":"https:\/\/linitiative.ca\/International\/wp-json\/wp\/v2\/posts\/79817\/revisions"}],"wp:attachment":[{"href":"https:\/\/linitiative.ca\/International\/wp-json\/wp\/v2\/media?parent=79817"}],"wp:term":[{"taxonomy":"category","embeddable":true,"href":"https:\/\/linitiative.ca\/International\/wp-json\/wp\/v2\/categories?post=79817"},{"taxonomy":"post_tag","embeddable":true,"href":"https:\/\/linitiative.ca\/International\/wp-json\/wp\/v2\/tags?post=79817"}],"curies":[{"name":"wp","href":"https:\/\/api.w.org\/{rel}","templated":true}]}}