{"id":79818,"date":"2020-03-22T15:18:03","date_gmt":"2020-03-22T19:18:03","guid":{"rendered":"https:\/\/linitiative.ca\/International\/guinee-scrutin-les-affrontements-font-au-moins-six-morts\/"},"modified":"2020-03-22T15:18:03","modified_gmt":"2020-03-22T19:18:03","slug":"guinee-scrutin-les-affrontements-font-au-moins-six-morts","status":"publish","type":"post","link":"https:\/\/linitiative.ca\/International\/guinee-scrutin-les-affrontements-font-au-moins-six-morts\/","title":{"rendered":"Guin\u00e9e-scrutin : Les affrontements font au moins six morts"},"content":{"rendered":"<div readability=\"32\">\n<p>Publi\u00e9 le 22.03.2020 \u00e0 20h18 par APA News<\/p>\n<\/div>\n<div readability=\"41\">\n<p>Au moins six personnes ont \u00e9t\u00e9 tu\u00e9es ce dimanche dans des \u00e9chauffour\u00e9es entre forces de l\u2019ordre et manifestants, en marge de la tenue du double scrutin l\u00e9gislatif et r\u00e9f\u00e9rendaire.Tous sont \u00e2g\u00e9s entre 18 \u00e0 25 ans, ces jeunes ont \u00e9t\u00e9 tu\u00e9s dans les quartiers logeant la route Leprince o\u00f9 des manifestants se sont oppos\u00e9s \u00e0 la tenue du double scrutin.<br \/>Depuis samedi, des violences sont enregistr\u00e9es \u00e0 Conakry ainsiqu\u2019\u00e0 l\u2019int\u00e9rieur du pays. Des affrontements s\u2019\u00e9taient poursuivis dans les quartiers fiefs de l\u2019opposition. Le Front national pour la d\u00e9fense de la Constitution (FNDC) a plusieurs fois exprim\u00e9 son opposition \u00e0 la tenue de ce scrutin.<br \/>Par ailleurs, l\u2019internet connait des interruptions. Les r\u00e9seauxsociaux, eux, sont d\u00e9j\u00e0 coup\u00e9s.<\/p>\n<\/div>\n<p>Auteur: APA News<br \/>\n<a href=\"https:\/\/www.journalducameroun.com\/guinee-scrutin-les-affrontements-font-au-moins-six-morts\/\">Cliquez ici pour lire l&rsquo;article depuis sa source.<\/a><\/p>\n","protected":false},"excerpt":{"rendered":"<p>Publi\u00e9 le 22.03.2020 \u00e0 20h18 par APA News Au moins six personnes ont \u00e9t\u00e9 tu\u00e9es ce dimanche dans des \u00e9chauffour\u00e9es entre forces de l\u2019ordre et manifestants, en marge de la tenue du double scrutin l\u00e9gislatif et r\u00e9f\u00e9rendaire.Tous sont \u00e2g\u00e9s entre 18 \u00e0 25 ans, ces jeunes ont \u00e9t\u00e9 tu\u00e9s dans les quartiers logeant la route [&hellip;]<\/p>\n","protected":false},"author":1965,"featured_media":0,"comment_status":"closed","ping_status":"closed","sticky":false,"template":"","format":"standard","meta":{"fifu_image_url":"","fifu_image_alt":"","footnotes":""},"categories":[73,82],"tags":[],"class_list":["post-79818","post","type-post","status-publish","format-standard","hentry","category-actualite","category-cameroun"],"_links":{"self":[{"href":"https:\/\/linitiative.ca\/International\/wp-json\/wp\/v2\/posts\/79818","targetHints":{"allow":["GET"]}}],"collection":[{"href":"https:\/\/linitiative.ca\/International\/wp-json\/wp\/v2\/posts"}],"about":[{"href":"https:\/\/linitiative.ca\/International\/wp-json\/wp\/v2\/types\/post"}],"author":[{"embeddable":true,"href":"https:\/\/linitiative.ca\/International\/wp-json\/wp\/v2\/users\/1965"}],"replies":[{"embeddable":true,"href":"https:\/\/linitiative.ca\/International\/wp-json\/wp\/v2\/comments?post=79818"}],"version-history":[{"count":0,"href":"https:\/\/linitiative.ca\/International\/wp-json\/wp\/v2\/posts\/79818\/revisions"}],"wp:attachment":[{"href":"https:\/\/linitiative.ca\/International\/wp-json\/wp\/v2\/media?parent=79818"}],"wp:term":[{"taxonomy":"category","embeddable":true,"href":"https:\/\/linitiative.ca\/International\/wp-json\/wp\/v2\/categories?post=79818"},{"taxonomy":"post_tag","embeddable":true,"href":"https:\/\/linitiative.ca\/International\/wp-json\/wp\/v2\/tags?post=79818"}],"curies":[{"name":"wp","href":"https:\/\/api.w.org\/{rel}","templated":true}]}}