{"id":79819,"date":"2020-03-22T16:18:03","date_gmt":"2020-03-22T20:18:03","guid":{"rendered":"https:\/\/linitiative.ca\/International\/senegal-la-police-se-dote-dun-plan-de-mobilisation-contre-le-covid-19\/"},"modified":"2020-03-22T16:18:03","modified_gmt":"2020-03-22T20:18:03","slug":"senegal-la-police-se-dote-dun-plan-de-mobilisation-contre-le-covid-19","status":"publish","type":"post","link":"https:\/\/linitiative.ca\/International\/senegal-la-police-se-dote-dun-plan-de-mobilisation-contre-le-covid-19\/","title":{"rendered":"S\u00e9n\u00e9gal : La police se dote d\u2019un plan de mobilisation contre le Covid-19"},"content":{"rendered":"<div readability=\"32\">\n<p>Publi\u00e9 le 22.03.2020 \u00e0 21h18 par APA News<\/p>\n<\/div>\n<div readability=\"81\">\n<p>Le Directeur g\u00e9n\u00e9ral de la police nationale s\u00e9n\u00e9galaise, l\u2019Inspecteur g\u00e9n\u00e9ral Ousmane Sy, a mis en place un plan de mobilisation de la police s\u00e9n\u00e9galaise dans la lutte contre le Covid 19.\u00ab Le S\u00e9n\u00e9gal fait face, \u00e0 l\u2019image de la communaut\u00e9 internationale, \u00e0 cette pand\u00e9mie de coronavirus dont la propagation commence \u00e0 devenir inqui\u00e9tante \u00bb, rappelle l\u2019inspecteur g\u00e9n\u00e9ral Sy \u00e0 ses services dans une circulaire 00715 dat\u00e9e du 21 mars 2020 destin\u00e9e \u00e0 ses services.<\/p>\n<p>C\u2019est \u00e0 ses yeux ce qui a pouss\u00e9 le pr\u00e9sident Macky Sall, \u00e0 l\u2019issue du conseil des ministres du 18 mars 2020, \u00e0 renforcer les mesures d\u00e9j\u00e0 prises lors du conseil pr\u00e9sidentiel du 14 mars 2020.<\/p>\n<p>\u00ab\u00a0La police nationale doit en cons\u00e9quence se pr\u00e9parer \u00e0 une mont\u00e9e en puissance dans son d\u00e9ploiement aussi bien au niveau des fronti\u00e8re qu\u2019au niveau de toutes les localit\u00e9s o\u00f9 un besoin de s\u00e9curit\u00e9 se signalera\u00a0\u00bb souligne la circulaire du directeur g\u00e9n\u00e9ral de la police s\u00e9n\u00e9galaise.<\/p>\n<p>Aux fins d\u2019assurer un bon suivi des importantes mesures prises aux niveau central et local par les cellules de crise, de faire face \u00e0 tout trouble \u00e0 l\u2019ordre public, l\u2019Inspecteur g\u00e9n\u00e9ral Sy a demand\u00e9 \u00e0 ses services \u00a0de prendre un certain nombre de mesures pour \u00ab se pr\u00e9parer aux \u00e9ventuelles d\u00e9cisions de confinement de localit\u00e9s \u00bb.<\/p>\n<p>Parmi ces mesures, il y a la consignation de tout le personnel de la Direction g\u00e9n\u00e9rale de la police \u00e0 partir du lundi 23 mars 2020 \u00e0 z\u00e9ro heure jusqu\u2019\u00e0 nouvel ordre.<\/p>\n<p>La circulaire comporte en outre un certain nombre de dispositions pratiques. C\u2019est le cas de la suspension des d\u00e9p\u00f4ts de la carte d\u2019identit\u00e9 nationale, de passeports et des services non essentiels, le renforcement des corps urbains par les \u00e9l\u00e9ments des autres bureaux des diff\u00e9rents commissariats afin de disposer d\u2019un effectif plu cons\u00e9quent.<\/p>\n<p>Au titre des instructions particuli\u00e8res, \u00a0le Directeur g\u00e9n\u00e9ral de la police a demand\u00e9 aux directions et services relevant de son autorit\u00e9 de lui transmettre au plus tard le lundi 23 mars 2020 \u00e0 12 heures \u00ab leurs effectifs d\u00e9ployables, dans le dispositif de lutte contre le Covid-19 de la police nationale en tenant compte de la restriction exig\u00e9e des services non essentiels \u00bb.<\/p>\n<p>Par ailleurs M. Sy avance que l\u2019ordre de bataille de la police nationale sera communiqu\u00e9 \u00e0 ses services au plus tard le lundi 23 mars 2020 \u00e0 15 heures.<\/p>\n<p>Le S\u00e9n\u00e9gal enregistre actuellement 56 cas positifs au Covid-19 dont 5 gu\u00e9ris.\u00a0<\/p>\n<\/div>\n<p>Auteur: APA News<br \/>\n<a href=\"https:\/\/www.journalducameroun.com\/senegal-la-police-se-dote-dun-plan-de-mobilisation-contre-le-covid-19\/\">Cliquez ici pour lire l&rsquo;article depuis sa source.<\/a><\/p>\n","protected":false},"excerpt":{"rendered":"<p>Publi\u00e9 le 22.03.2020 \u00e0 21h18 par APA News Le Directeur g\u00e9n\u00e9ral de la police nationale s\u00e9n\u00e9galaise, l\u2019Inspecteur g\u00e9n\u00e9ral Ousmane Sy, a mis en place un plan de mobilisation de la police s\u00e9n\u00e9galaise dans la lutte contre le Covid 19.\u00ab Le S\u00e9n\u00e9gal fait face, \u00e0 l\u2019image de la communaut\u00e9 internationale, \u00e0 cette pand\u00e9mie de coronavirus dont [&hellip;]<\/p>\n","protected":false},"author":1965,"featured_media":0,"comment_status":"closed","ping_status":"closed","sticky":false,"template":"","format":"standard","meta":{"fifu_image_url":"","fifu_image_alt":"","footnotes":""},"categories":[73,82],"tags":[],"class_list":["post-79819","post","type-post","status-publish","format-standard","hentry","category-actualite","category-cameroun"],"_links":{"self":[{"href":"https:\/\/linitiative.ca\/International\/wp-json\/wp\/v2\/posts\/79819","targetHints":{"allow":["GET"]}}],"collection":[{"href":"https:\/\/linitiative.ca\/International\/wp-json\/wp\/v2\/posts"}],"about":[{"href":"https:\/\/linitiative.ca\/International\/wp-json\/wp\/v2\/types\/post"}],"author":[{"embeddable":true,"href":"https:\/\/linitiative.ca\/International\/wp-json\/wp\/v2\/users\/1965"}],"replies":[{"embeddable":true,"href":"https:\/\/linitiative.ca\/International\/wp-json\/wp\/v2\/comments?post=79819"}],"version-history":[{"count":0,"href":"https:\/\/linitiative.ca\/International\/wp-json\/wp\/v2\/posts\/79819\/revisions"}],"wp:attachment":[{"href":"https:\/\/linitiative.ca\/International\/wp-json\/wp\/v2\/media?parent=79819"}],"wp:term":[{"taxonomy":"category","embeddable":true,"href":"https:\/\/linitiative.ca\/International\/wp-json\/wp\/v2\/categories?post=79819"},{"taxonomy":"post_tag","embeddable":true,"href":"https:\/\/linitiative.ca\/International\/wp-json\/wp\/v2\/tags?post=79819"}],"curies":[{"name":"wp","href":"https:\/\/api.w.org\/{rel}","templated":true}]}}