{"id":79820,"date":"2020-03-22T17:18:03","date_gmt":"2020-03-22T21:18:03","guid":{"rendered":"https:\/\/linitiative.ca\/International\/covid-19-le-congo-ferme-ses-frontieres-apres-un-4e-cas-confirme\/"},"modified":"2020-03-22T17:18:03","modified_gmt":"2020-03-22T21:18:03","slug":"covid-19-le-congo-ferme-ses-frontieres-apres-un-4e-cas-confirme","status":"publish","type":"post","link":"https:\/\/linitiative.ca\/International\/covid-19-le-congo-ferme-ses-frontieres-apres-un-4e-cas-confirme\/","title":{"rendered":"Covid-19: Le Congo ferme ses fronti\u00e8res apr\u00e8s un 4\u00e8 cas confirm\u00e9"},"content":{"rendered":"<div readability=\"32\">\n<p>Publi\u00e9 le 22.03.2020 \u00e0 22h18 par APA News<\/p>\n<\/div>\n<div readability=\"76\">\n<p>Le gouvernement congolais a d\u00e9cr\u00e9t\u00e9 la fermeture \u00e0 partir de ce 22 mars jusqu\u2019\u00e0 nouvel ordre de toutes les fronti\u00e8res a\u00e9riennes, fluviales, maritimes et terrestres, exception faite aux navires et vols cargos, dans la cadre de la lutte contre le coronavirus.Cette d\u00e9cision intervient suite \u00e0 la d\u00e9tection d\u2019un quatri\u00e8me cas de Covid-19 dans le pays, confirm\u00e9 dimanche par le Premier ministre congolais, Cl\u00e9ment Mouamba.<\/p>\n<p>\u00ab En date du 21 mars 2020, un nouveau cas du Coronavirus a \u00e9t\u00e9 confirm\u00e9 sur le territoire national. Il s\u2019agit d\u2019un ressortissant congolais, \u00e2g\u00e9 de 47 ans, arriv\u00e9 le 15 mars 2020 \u00e0 Pointe-Noire (capitale \u00e9conomique du Congo) en provenance de la France et qui \u00e9tait en confinement \u00e0 domicile et suivi par les services de sant\u00e9 \u00bb a annonc\u00e9 Cl\u00e9ment Mouamba.<\/p>\n<p>Il a ajout\u00e9 par ailleurs que le brassage et la recherche des autres sujets contacts a \u00e9t\u00e9 r\u00e9alis\u00e9.<\/p>\n<p>R\u00e9agissant suite \u00e0 ce premier cas de Covid-19, enregistr\u00e9 \u00e0 Pointe-Noire (les trois premiers cas ayant \u00e9t\u00e9 d\u00e9tect\u00e9s de Brazzaville), les autorit\u00e9s de la mairie de cette ville ont aussi mobilis\u00e9 une somme de 50 millions francs CFA et pr\u00e8s de 20 mille cache-nez ou casques qu\u2019il ont remis \u00e0 la cellule de crise mise en place pour contrer l\u2019\u00e9volution de cette pand\u00e9mie.<\/p>\n<p>\u00ab\u00a0Le gouvernement observe la situation de la pand\u00e9mie dans le pays et il n\u2019est pas exclu que le gouvernement prenne d\u2019autres mesures telles\u00a0que la fermeture des march\u00e9s publics et l\u2019arr\u00eat du transport urbain en tenant compte des r\u00e9alit\u00e9s \u00e9conomiques du pays\u00a0\u00bb, a soulign\u00e9 Gilbert DJessi le coordonnateur technique de la riposte contre le Covid-19 au Congo.<\/p>\n<p>Intervenant sur la cha\u00eene de la Radio nationale ce dimanche, Gilbert DJessi par ailleurs conseiller du ministre en charge de la sant\u00e9, a d\u00e9clar\u00e9 que \u00ab les mesures prises par le gouvernement sont progressives en fonction de l\u2019\u00e9volution dans la pand\u00e9mie au Congo. \u00bb<\/p>\n<p>Gilbert Djessi s\u2019est insurg\u00e9 sur le port abusif des masques par la population ; ce qui risque de provoquer une p\u00e9nurie qui d\u00e9savantagerait le personnel soignant et les patients, en cas de propagation du virus.<\/p>\n<\/div>\n<p>Auteur: APA News<br \/>\n<a href=\"https:\/\/www.journalducameroun.com\/covid-19-le-congo-ferme-ses-frontieres-apres-un-4e-cas-confirme\/\">Cliquez ici pour lire l&rsquo;article depuis sa source.<\/a><\/p>\n","protected":false},"excerpt":{"rendered":"<p>Publi\u00e9 le 22.03.2020 \u00e0 22h18 par APA News Le gouvernement congolais a d\u00e9cr\u00e9t\u00e9 la fermeture \u00e0 partir de ce 22 mars jusqu\u2019\u00e0 nouvel ordre de toutes les fronti\u00e8res a\u00e9riennes, fluviales, maritimes et terrestres, exception faite aux navires et vols cargos, dans la cadre de la lutte contre le coronavirus.Cette d\u00e9cision intervient suite \u00e0 la d\u00e9tection [&hellip;]<\/p>\n","protected":false},"author":1965,"featured_media":0,"comment_status":"closed","ping_status":"closed","sticky":false,"template":"","format":"standard","meta":{"fifu_image_url":"","fifu_image_alt":"","footnotes":""},"categories":[73,82],"tags":[],"class_list":["post-79820","post","type-post","status-publish","format-standard","hentry","category-actualite","category-cameroun"],"_links":{"self":[{"href":"https:\/\/linitiative.ca\/International\/wp-json\/wp\/v2\/posts\/79820","targetHints":{"allow":["GET"]}}],"collection":[{"href":"https:\/\/linitiative.ca\/International\/wp-json\/wp\/v2\/posts"}],"about":[{"href":"https:\/\/linitiative.ca\/International\/wp-json\/wp\/v2\/types\/post"}],"author":[{"embeddable":true,"href":"https:\/\/linitiative.ca\/International\/wp-json\/wp\/v2\/users\/1965"}],"replies":[{"embeddable":true,"href":"https:\/\/linitiative.ca\/International\/wp-json\/wp\/v2\/comments?post=79820"}],"version-history":[{"count":0,"href":"https:\/\/linitiative.ca\/International\/wp-json\/wp\/v2\/posts\/79820\/revisions"}],"wp:attachment":[{"href":"https:\/\/linitiative.ca\/International\/wp-json\/wp\/v2\/media?parent=79820"}],"wp:term":[{"taxonomy":"category","embeddable":true,"href":"https:\/\/linitiative.ca\/International\/wp-json\/wp\/v2\/categories?post=79820"},{"taxonomy":"post_tag","embeddable":true,"href":"https:\/\/linitiative.ca\/International\/wp-json\/wp\/v2\/tags?post=79820"}],"curies":[{"name":"wp","href":"https:\/\/api.w.org\/{rel}","templated":true}]}}