{"id":79821,"date":"2020-03-22T17:46:02","date_gmt":"2020-03-22T21:46:02","guid":{"rendered":"https:\/\/linitiative.ca\/International\/cameroun-coronavirus-la-rumeur-tue-manu-dibango\/"},"modified":"2020-03-22T17:46:02","modified_gmt":"2020-03-22T21:46:02","slug":"cameroun-coronavirus-la-rumeur-tue-manu-dibango","status":"publish","type":"post","link":"https:\/\/linitiative.ca\/International\/cameroun-coronavirus-la-rumeur-tue-manu-dibango\/","title":{"rendered":"Cameroun- Coronavirus: la rumeur tue Manu Dibango"},"content":{"rendered":"<div readability=\"32\">\n<p>Publi\u00e9 le 22.03.2020 \u00e0 22h46 par Christian Djimadeu<\/p>\n<\/div>\n<div readability=\"51\">\n<h2 class=\"c3\">Une Fake news r\u00e9pandue sur les r\u00e9seaux sociaux, annonce depuis quelques heures\u00a0 le d\u00e9c\u00e8s du c\u00e9l\u00e8bre saxophoniste camerounais de renomm\u00e9e mondiale.<\/h2>\n<p class=\"c4\">Il est \u00e9vident que Manu Dibango souffre du Coronavirus. La nouvelle a \u00e9t\u00e9 rendue officielle le 18 mars dernier. \u00ab\u00a0<em>Cher public, chers amis. Nous portons \u00e0 votre information qu\u2019apr\u00e8s une r\u00e9cente hospitalisation due au Covid 19, <strong>Manu Dibango<\/strong>\u00a0\u00a0se repose et r\u00e9cup\u00e8re dans la s\u00e9r\u00e9nit\u00e9.\u00a0Il vous demande de respecter son intimit\u00e9. Il se r\u00e9jouit d\u2019avance de vous retrouver prochainement et vous demande, en cette p\u00e9riode troubl\u00e9e que nous traversons tous, de bien prendre soin de vous. Amicalement\u00a0!<\/em>\u00a0\u00bb, avait-on lu sur sa page Facebook.<\/p>\n<p class=\"c4\">Ce 22 Mars, la nouvelle de son d\u00e9c\u00e8s a envahi la toile. Information d\u00e9mentie ses proches. Quelques jeunes artistes tels que Dynastie le tigre sont aussi mont\u00e9s au cr\u00e9neau pour stopper l\u2019avancer de la rumeur.<\/p>\n<p class=\"c4\"><img loading=\"lazy\" decoding=\"async\" class=\"size-medium wp-image-360451 aligncenter\" src=\"https:\/\/www.journalducameroun.com\/wp-content\/uploads\/2020\/03\/IMG-20200322-WA0074-169x300.jpg\" alt=\"\" width=\"169\" height=\"300\" srcset=\"https:\/\/www.journalducameroun.com\/wp-content\/uploads\/2020\/03\/IMG-20200322-WA0074-169x300.jpg 169w, https:\/\/www.journalducameroun.com\/wp-content\/uploads\/2020\/03\/IMG-20200322-WA0074-576x1024.jpg 576w, https:\/\/www.journalducameroun.com\/wp-content\/uploads\/2020\/03\/IMG-20200322-WA0074-247x440.jpg 247w, https:\/\/www.journalducameroun.com\/wp-content\/uploads\/2020\/03\/IMG-20200322-WA0074-600x1068.jpg 600w, https:\/\/www.journalducameroun.com\/wp-content\/uploads\/2020\/03\/IMG-20200322-WA0074.jpg 607w\" sizes=\"auto, (max-width: 169px) 100vw, 169px\"\/><\/p>\n<p class=\"c4\">.<\/p>\n<p class=\"c4\">Manu Dibango, n\u00e9 le 12 d\u00e9cembre 1933 \u00e0 Douala, \u00e9tait encore en pleine forme et en tourn\u00e9e l\u2019an pass\u00e9 pour ses 60 ans de carri\u00e8re avec son\u00a0<em>Safari Symphonique<\/em>\u00a0m\u00ealant jazz et musique classique. La star mondiale du saxophone a promis \u00e0 ses fans de les retrouver tr\u00e8s bient\u00f4t.<\/p>\n<\/div>\n<p>Auteur: Christian DJIMADEU<br \/>\n<a href=\"https:\/\/www.journalducameroun.com\/cameroun-coronavirus-la-rumeur-tue-manu-dibango-cameroun\/\">Cliquez ici pour lire l&rsquo;article depuis sa source.<\/a><\/p>\n","protected":false},"excerpt":{"rendered":"<p>Publi\u00e9 le 22.03.2020 \u00e0 22h46 par Christian Djimadeu Une Fake news r\u00e9pandue sur les r\u00e9seaux sociaux, annonce depuis quelques heures\u00a0 le d\u00e9c\u00e8s du c\u00e9l\u00e8bre saxophoniste camerounais de renomm\u00e9e mondiale. Il est \u00e9vident que Manu Dibango souffre du Coronavirus. La nouvelle a \u00e9t\u00e9 rendue officielle le 18 mars dernier. \u00ab\u00a0Cher public, chers amis. Nous portons \u00e0 [&hellip;]<\/p>\n","protected":false},"author":1965,"featured_media":79822,"comment_status":"closed","ping_status":"closed","sticky":false,"template":"","format":"standard","meta":{"fifu_image_url":"","fifu_image_alt":"","footnotes":""},"categories":[73,82],"tags":[],"class_list":["post-79821","post","type-post","status-publish","format-standard","has-post-thumbnail","hentry","category-actualite","category-cameroun"],"_links":{"self":[{"href":"https:\/\/linitiative.ca\/International\/wp-json\/wp\/v2\/posts\/79821","targetHints":{"allow":["GET"]}}],"collection":[{"href":"https:\/\/linitiative.ca\/International\/wp-json\/wp\/v2\/posts"}],"about":[{"href":"https:\/\/linitiative.ca\/International\/wp-json\/wp\/v2\/types\/post"}],"author":[{"embeddable":true,"href":"https:\/\/linitiative.ca\/International\/wp-json\/wp\/v2\/users\/1965"}],"replies":[{"embeddable":true,"href":"https:\/\/linitiative.ca\/International\/wp-json\/wp\/v2\/comments?post=79821"}],"version-history":[{"count":0,"href":"https:\/\/linitiative.ca\/International\/wp-json\/wp\/v2\/posts\/79821\/revisions"}],"wp:featuredmedia":[{"embeddable":true,"href":"https:\/\/linitiative.ca\/International\/wp-json\/"}],"wp:attachment":[{"href":"https:\/\/linitiative.ca\/International\/wp-json\/wp\/v2\/media?parent=79821"}],"wp:term":[{"taxonomy":"category","embeddable":true,"href":"https:\/\/linitiative.ca\/International\/wp-json\/wp\/v2\/categories?post=79821"},{"taxonomy":"post_tag","embeddable":true,"href":"https:\/\/linitiative.ca\/International\/wp-json\/wp\/v2\/tags?post=79821"}],"curies":[{"name":"wp","href":"https:\/\/api.w.org\/{rel}","templated":true}]}}