{"id":79824,"date":"2020-03-23T10:20:46","date_gmt":"2020-03-23T14:20:46","guid":{"rendered":"https:\/\/linitiative.ca\/International\/nous-vaincrons-volontaires-et-solidaires\/"},"modified":"2020-03-23T10:20:46","modified_gmt":"2020-03-23T14:20:46","slug":"nous-vaincrons-volontaires-et-solidaires","status":"publish","type":"post","link":"https:\/\/linitiative.ca\/International\/nous-vaincrons-volontaires-et-solidaires\/","title":{"rendered":"Nous vaincrons : Volontaires et solidaires!"},"content":{"rendered":"<p><img decoding=\"async\" class=\"post_layout_5_img\" src=\"http:\/\/aujourdhui.ma\/wp-content\/uploads\/2018\/11\/Ahmed-GHAYET-1.jpg?x29840\" alt=\"Nous vaincrons : Volontaires et solidaires!\"\/><\/p>\n<p class=\"p1\"><span class=\"c4\"><strong><span class=\"s1\">Et si nous d\u00e9laissions un peu les publications anxiog\u00e8nes pour nous tourner vers tout ce qui peut nous (re)donner confiance et d\u2019abord confiance en nous !<\/span><\/strong><\/span><span id=\"more-337885\"\/><\/p>\n<p class=\"p1\"><span class=\"s1\">Car il y a des motifs d\u2019espoir, de foi, de fiert\u00e9\u2026<\/span><\/p>\n<p class=\"p1\"><span class=\"s1\">Que n\u2019avons-nous dit, que n\u2019avons-nous entendu sur\u2026nous-m\u00eames, par nous-m\u00eames.<\/span><\/p>\n<p class=\"p1\"><span class=\"s1\">Nul mieux que nous, Marocains, ne sait s\u2019auto-d\u00e9nigrer, s\u2019auto- flageller, se d\u00e9tester.<\/span><\/p>\n<p class=\"p1\"><span class=\"s1\">Or que nous r\u00e9v\u00e8le ce drame que repr\u00e9sente la pand\u00e9mie de coronavirus : Et bien tout simplement que nous sommes formidables -que nous savons l\u2019\u00eatre- face \u00e0 l\u2019adversit\u00e9 nous sommes en train de faire preuve d\u2019une r\u00e9elle force de caract\u00e8re.<\/span><\/p>\n<p class=\"p1\"><span class=\"s1\">Un \u00e9lan formidable de solidarit\u00e9 est n\u00e9 via les r\u00e9seaux sociaux, qui traverse tout le Royaume et les jeunes ne sont pas en reste: paniers solidaires, op\u00e9ration \u00abKouffa\u00bb, Ana m3ak en direction des touristes bloqu\u00e9s dans notre Pays, vid\u00e9os de sensibilisation, clips d\u2019information, partage de consignes, de conseils sur le web, soutien scolaire, cours \u00e0 distance et j\u2019en passe!<\/span><\/p>\n<p class=\"p1\"><span class=\"s1\">Dans le m\u00eame esprit un groupe de jeunes militants associatifs et de personnes engag\u00e9es ont lanc\u00e9 un groupe de volontaires et solidaires dont voici le credo:<\/span><\/p>\n<p class=\"p1\"><span class=\"s1\">panser le maroc aujourd\u2019hui et penser le maroc d\u2019apr\u00e8s,<\/span><\/p>\n<p class=\"p1\"><span class=\"s1\">nous sortirons de cette crise tous ensemble.<\/span><\/p>\n<p class=\"p1\"><span class=\"s1\">nous sommes une nation, nous sommes une famille!<\/span><\/p>\n<p class=\"p1\"><span class=\"s1\">utilisons donc les r\u00e9seaux sociaux, le web, pour ce qu\u2019ils ont de meilleur :<\/span><\/p>\n<p class=\"p1\"><span class=\"s1\">Ce groupe de volontaires et solidaires a pour objectif de cr\u00e9er un lien permanent \u00e0 travers tout le royaume de marocain(e)s et marocain(e)s de c\u0153ur (tous ces amis d\u2019autres nationalit\u00e9s ayant choisi de vivre au maroc) afin de faire perdurer le lien sicial, le vivre-ensemble, la solidarit\u00e9.<\/span><\/p>\n<p class=\"p1\"><span class=\"s1\">Parler, \u00e9changer, s\u2019entraider, discuter, se rassurer, blaguer, pleurer, se soutenir\u2026 bref faire de ce groupe et du web une plate-forme de vie virtuelle au go\u00fbt du r\u00e9el.<\/span><\/p>\n<p class=\"p1\"><span class=\"s1\">Il s\u2019agit de se soutenir les uns les autres, de s\u2019entraider -virtuellement mais aussi concr\u00e8tement lorsque cela est possible- et pourquoi pas de jeter les bases du \u00abMonde d\u2019apr\u00e8s\u00bb qu\u2019il nous faudra bien r\u00e9inventer.<\/span><\/p>\n<p class=\"p1\"><span class=\"s1\">Restons en contact, \u00e9changeons des informations, des conseils.<\/span><\/p>\n<p class=\"p1\"><span class=\"s1\">Aidons-nous si nous connaissons quelqu\u2019un en difficult\u00e9s (o\u00f9 que ce soit dans le pays), signalons-le sur notre groupe, un volontaire-solidaire d\u2019entre nous trouvera toujours le bon relais, la bonne personne sur place, pour aider\u2026<\/span><\/p>\n<p class=\"p1\"><span class=\"s1\">\u2013 Ramener un panier pour une personne \u00e2g\u00e9e lors de nos courses.<\/span><\/p>\n<p class=\"p1\"><span class=\"s1\">-Garder l\u2019enfant d\u2019une infirmi\u00e8re, d\u2019un soignant qui n\u2019a pas de solution \u00e0 sa mesure.<\/span><\/p>\n<p class=\"p1\"><span class=\"s1\">\u2013 Penser au serveur du caf\u00e9 o\u00f9 nous avons nos habitudes et lui faire parvenir le pourboire qu\u2019il n\u2019aura plus, le gardien de notre rue, de notre b\u00e2timent, l\u2019\u00e9boueur, le jeune cireur\u2026 tous ces petits m\u00e9tiers qu\u2019il nous faut continuer \u00e0 aider.<\/span><\/p>\n<p class=\"p1\"><span class=\"s1\">\u2013 Partager un livre sur le groupe, une chanson, un film\u2026la \u00abjoie de vivre\u00bb est essentielle<\/span><\/p>\n<p class=\"p1\"><span class=\"s1\">\u2013 Fournir une aide aux devoirs -via le Groupe- \u00e0 des enfants, si l\u2019on en a les comp\u00e9tences. Maintenir le moral est important.<\/span><\/p>\n<p class=\"p1\"><span class=\"s1\">\u2013 Briser la solitude que certains peuvent ressentir.<\/span><\/p>\n<p class=\"p1\"><span class=\"s1\">\u2013 Donner aussi les bonne nouvelles, d\u00e9noncer les fake-news<\/span><\/p>\n<p class=\"p1\"><span class=\"s1\">\u2013 Venir en aide \u00e0 une famille dans le besoin, nous la signalons et nous nous mobilisons.<\/span><\/p>\n<p class=\"p1\"><span class=\"s1\">\u2013 Penser aux personnes que nous connaissons dans notre voisinage qui n\u2019ont pas acc\u00e8s, ou bien ne ma\u00eetrisent pas Internet, pour leur servir de relais.<\/span><\/p>\n<p class=\"p1\"><span class=\"s1\">\u2013 Fournir une adresse, donner un num\u00e9ro de t\u00e9l\u00e9phone.<\/span><\/p>\n<p class=\"p1\"><span class=\"s1\">-Installer WathsApp -qui sera \u00e9galement l\u2019un de nos liens- sur le smartphone de personnes seules, afin de maintenir le lien avec elles.<\/span><\/p>\n<p class=\"p1\"><span class=\"s1\">\u2013 Publier des photos, des vid\u00e9os o\u00f9 nous nous parlons les uns les autres.<\/span><\/p>\n<p class=\"p1\"><span class=\"s1\">Et des initiatives allant toutes dans le sens du sursaut naissent ainsi chaque jour. Notre peuple, nous donc, nous sommes en train de puiser en nous les ressources, les valeurs, les r\u00e9flexes, l\u2019empathie qui nous sauveront face au virus. Le mal est en train de r\u00e9veiller, de r\u00e9v\u00e9ler ce qu\u2019il y a de meilleur en nous !<\/span><\/p>\n<p class=\"p1\"><span class=\"s1\">Alors bien s\u00fbr nous allons traverser une \u00e9preuve difficile, nous allons souffrir, nous vivrons des moments de doute et de crainte, mais NOUS VAINCRONS, nous vaincrons car nous serons unis, que nous formerons une \u00abcarapace\u00bb autour de notre population, que nous entourerons d\u2019une armure les plus fragiles d\u2019entre nous. Nous vaincrons car nous respecterons les consignes de nos autorit\u00e9s sanitaires qui font un travail remarquable, nous vaincrons car nous prenons tous conscience que notre Roi a fait de notre protection, de la protection de son peuple, une affaire personnelle et qu\u2019il est pro-actif et \u00abau front\u00bb.<\/span><\/p>\n<p class=\"p1\"><span class=\"s1\">Nous vaincrons car notre corps sanitaire fait preuve d\u2019un d\u00e9vouement et d\u2019un professionnalisme extraordinaires: m\u00e9decins, infirmi\u00e8res, soignants, brancardiers\u2026<\/span><\/p>\n<p class=\"p1\"><span class=\"s1\">Nos policiers, nos pompiers, nos soldats, nos gendarmes sont aux avant-postes\u2026<\/span><\/p>\n<p class=\"p1\"><span class=\"s1\">Bref, Roi, peuple, forces vives sont mobilis\u00e9s ENSEMBLE, et chacun de nous le sent, le ressent et s\u2019y rassure.<\/span><\/p>\n<p class=\"p1\"><span class=\"s1\">Force et courage \u00e0 nous tous,<\/span><\/p>\n<p class=\"p1\"><span class=\"s1\">Tellement fier d\u2019\u00eatre Marocain!<\/span><\/p>\n<p>Auteur: Ahmed GHAYET<br \/>\n<a href=\"http:\/\/aujourdhui.ma\/chroniques\/nous-vaincrons-volontaires-et-solidaires\">Cliquez ici pour lire l&rsquo;article depuis sa source.<\/a><\/p>\n","protected":false},"excerpt":{"rendered":"<p>Et si nous d\u00e9laissions un peu les publications anxiog\u00e8nes pour nous tourner vers tout ce qui peut nous (re)donner confiance et d\u2019abord confiance en nous ! Car il y a des motifs d\u2019espoir, de foi, de fiert\u00e9\u2026 Que n\u2019avons-nous dit, que n\u2019avons-nous entendu sur\u2026nous-m\u00eames, par nous-m\u00eames. Nul mieux que nous, Marocains, ne sait s\u2019auto-d\u00e9nigrer, s\u2019auto- [&hellip;]<\/p>\n","protected":false},"author":1759,"featured_media":0,"comment_status":"closed","ping_status":"closed","sticky":false,"template":"","format":"standard","meta":{"fifu_image_url":"","fifu_image_alt":"","footnotes":""},"categories":[73,54],"tags":[],"class_list":["post-79824","post","type-post","status-publish","format-standard","hentry","category-actualite","category-maroc"],"_links":{"self":[{"href":"https:\/\/linitiative.ca\/International\/wp-json\/wp\/v2\/posts\/79824","targetHints":{"allow":["GET"]}}],"collection":[{"href":"https:\/\/linitiative.ca\/International\/wp-json\/wp\/v2\/posts"}],"about":[{"href":"https:\/\/linitiative.ca\/International\/wp-json\/wp\/v2\/types\/post"}],"author":[{"embeddable":true,"href":"https:\/\/linitiative.ca\/International\/wp-json\/wp\/v2\/users\/1759"}],"replies":[{"embeddable":true,"href":"https:\/\/linitiative.ca\/International\/wp-json\/wp\/v2\/comments?post=79824"}],"version-history":[{"count":0,"href":"https:\/\/linitiative.ca\/International\/wp-json\/wp\/v2\/posts\/79824\/revisions"}],"wp:attachment":[{"href":"https:\/\/linitiative.ca\/International\/wp-json\/wp\/v2\/media?parent=79824"}],"wp:term":[{"taxonomy":"category","embeddable":true,"href":"https:\/\/linitiative.ca\/International\/wp-json\/wp\/v2\/categories?post=79824"},{"taxonomy":"post_tag","embeddable":true,"href":"https:\/\/linitiative.ca\/International\/wp-json\/wp\/v2\/tags?post=79824"}],"curies":[{"name":"wp","href":"https:\/\/api.w.org\/{rel}","templated":true}]}}