{"id":79825,"date":"2020-03-23T10:52:17","date_gmt":"2020-03-23T14:52:17","guid":{"rendered":"https:\/\/linitiative.ca\/International\/commerces-et-detaillants-lactivite-prend-fin-a-18h\/"},"modified":"2020-03-23T10:52:17","modified_gmt":"2020-03-23T14:52:17","slug":"commerces-et-detaillants-lactivite-prend-fin-a-18h","status":"publish","type":"post","link":"https:\/\/linitiative.ca\/International\/commerces-et-detaillants-lactivite-prend-fin-a-18h\/","title":{"rendered":"Commerces et d\u00e9taillants: l\u2019activit\u00e9 prend fin \u00e0 18H"},"content":{"rendered":"<header>\n<div class=\"entry-post-meta\">\n<div class=\"author-link\">Publi\u00e9 par <a itemprop=\"author\" itemscope=\"\" itemtype=\"https:\/\/schema.org\/Person\" href=\"http:\/\/aujourdhui.ma\/profile\/kaid\" rel=\"author\"><span itemprop=\"name\">ALM<\/span><\/a><\/div>\n<p>Date\u00a0:<time content=\"2020-03-23T15:52:17+00:00\" class=\"entry-date updated\" datetime=\"2020-03-23T15:52:17+00:00\">mars 23, 2020<\/time><\/p>\n<p>2Vues<\/p>\n<\/div>\n<\/header>\n<div class=\"entry-content clearfix\" readability=\"40\">\n<p><iframe loading=\"lazy\" width=\"536\" height=\"323\" src=\"\/\/www.youtube.com\/embed\/Lq9tz9fhwYk?\" frameborder=\"0\" allowfullscreen=\"\">[embedded content]<\/iframe><\/p>\n<p><span class=\"c4\"><strong>Conform\u00e9ment aux dispositions de l\u2019Etat d\u2019urgence sanitaire, tous les commerces et grandes surfaces sont appel\u00e9s \u00e0 fermer au-del\u00e0 de 18H.<\/strong><\/span> <span id=\"more-337988\"\/><\/p>\n<p>Les agents d\u2019autorit\u00e9 sillonnent les rues pour expliquer aux commer\u00e7ants cette mesure pr\u00e9ventive qui tend avant tout \u00e0 pr\u00e9server leur sant\u00e9. L\u2019ensemble des \u00e9piciers et commer\u00e7ants doivent respecter cette mesure et aider les autorit\u00e9s \u00e0 l\u2019appliquer. Pour leur part, les citoyens devraient prendre l\u2019habitude de faire leurs courses chaque jour avant 18h.<br \/><strong>Reportage Chafik Arich<\/strong><\/p>\n<\/div>\n<p>Auteur: ALM<br \/>\n<a href=\"http:\/\/aujourdhui.ma\/societe\/commerces-et-detaillants-lactivite-prend-fin-a-18h\">Cliquez ici pour lire l&rsquo;article depuis sa source.<\/a><\/p>\n","protected":false},"excerpt":{"rendered":"<p>Publi\u00e9 par ALM Date\u00a0:mars 23, 2020 2Vues [embedded content] Conform\u00e9ment aux dispositions de l\u2019Etat d\u2019urgence sanitaire, tous les commerces et grandes surfaces sont appel\u00e9s \u00e0 fermer au-del\u00e0 de 18H. Les agents d\u2019autorit\u00e9 sillonnent les rues pour expliquer aux commer\u00e7ants cette mesure pr\u00e9ventive qui tend avant tout \u00e0 pr\u00e9server leur sant\u00e9. L\u2019ensemble des \u00e9piciers et commer\u00e7ants [&hellip;]<\/p>\n","protected":false},"author":1759,"featured_media":0,"comment_status":"closed","ping_status":"closed","sticky":false,"template":"","format":"standard","meta":{"fifu_image_url":"","fifu_image_alt":"","footnotes":""},"categories":[73,54],"tags":[],"class_list":["post-79825","post","type-post","status-publish","format-standard","hentry","category-actualite","category-maroc"],"_links":{"self":[{"href":"https:\/\/linitiative.ca\/International\/wp-json\/wp\/v2\/posts\/79825","targetHints":{"allow":["GET"]}}],"collection":[{"href":"https:\/\/linitiative.ca\/International\/wp-json\/wp\/v2\/posts"}],"about":[{"href":"https:\/\/linitiative.ca\/International\/wp-json\/wp\/v2\/types\/post"}],"author":[{"embeddable":true,"href":"https:\/\/linitiative.ca\/International\/wp-json\/wp\/v2\/users\/1759"}],"replies":[{"embeddable":true,"href":"https:\/\/linitiative.ca\/International\/wp-json\/wp\/v2\/comments?post=79825"}],"version-history":[{"count":0,"href":"https:\/\/linitiative.ca\/International\/wp-json\/wp\/v2\/posts\/79825\/revisions"}],"wp:attachment":[{"href":"https:\/\/linitiative.ca\/International\/wp-json\/wp\/v2\/media?parent=79825"}],"wp:term":[{"taxonomy":"category","embeddable":true,"href":"https:\/\/linitiative.ca\/International\/wp-json\/wp\/v2\/categories?post=79825"},{"taxonomy":"post_tag","embeddable":true,"href":"https:\/\/linitiative.ca\/International\/wp-json\/wp\/v2\/tags?post=79825"}],"curies":[{"name":"wp","href":"https:\/\/api.w.org\/{rel}","templated":true}]}}