{"id":79827,"date":"2020-03-23T11:26:09","date_gmt":"2020-03-23T15:26:09","guid":{"rendered":"https:\/\/linitiative.ca\/International\/etat-durgence-sanitaire-comment-ca-se-passe-a-casablanca\/"},"modified":"2020-03-23T11:26:09","modified_gmt":"2020-03-23T15:26:09","slug":"etat-durgence-sanitaire-comment-ca-se-passe-a-casablanca","status":"publish","type":"post","link":"https:\/\/linitiative.ca\/International\/etat-durgence-sanitaire-comment-ca-se-passe-a-casablanca\/","title":{"rendered":"Etat d\u2019urgence sanitaire : Comment \u00e7a se passe \u00e0 Casablanca?"},"content":{"rendered":"<header>\n<div class=\"entry-post-meta\">\n<div class=\"author-link\">Publi\u00e9 par <a itemprop=\"author\" itemscope=\"\" itemtype=\"https:\/\/schema.org\/Person\" href=\"http:\/\/aujourdhui.ma\/profile\/kaid\" rel=\"author\"><span itemprop=\"name\">ALM<\/span><\/a><\/div>\n<p>Date\u00a0:<time content=\"2020-03-23T16:26:09+00:00\" class=\"entry-date updated\" datetime=\"2020-03-23T16:26:09+00:00\">mars 23, 2020<\/time><\/p>\n<p>0 Vues<\/p>\n<\/div>\n<\/header>\n<div class=\"entry-content clearfix\" readability=\"49\">\n<p><span class=\"c4\"><strong>L\u2019Etat d\u2019urgence sanitaire et la restriction de la circulation s\u2019av\u00e8rent, pour le moment, le meilleur moyen pour maintenir la situation sanitaire sous contr\u00f4le.<\/strong><\/span> <span id=\"more-337955\"\/><\/p>\n<p>Certes, il s\u2019agit d\u2019une situation in\u00e9dite pour les marocains, mais ils commencent \u00e0 s\u2019y adapter. En parall\u00e8le, les autorit\u00e9s locales et Forces de l\u2019ordre oeuvrent d\u2019arrache-pied pour imposer le respect des consignes \u00e9mises par le minist\u00e8re de l\u2019int\u00e9rieur dans le cadre de \u201cl\u2019Etat d\u2019urgence\u201d.<\/p>\n<p>Les inspections portent sur la v\u00e9rification des autorisations exceptionnelles accord\u00e9es aux citoyens pour leur faciliter la circulation dans des situations particuli\u00e8res ainsi que sur le respect des mesures d\u2019hygienne.<\/p>\n<p>Reportage de Casablanca o\u00f9 les habitants commencent \u00e0 s\u2019acclimater \u00e0 la situation.<\/p>\n<\/div>\n<p>Auteur: ALM<br \/>\n<a href=\"http:\/\/aujourdhui.ma\/societe\/etat-durgence-sanitaire-comment-ca-se-passe-a-casablanca\">Cliquez ici pour lire l&rsquo;article depuis sa source.<\/a><\/p>\n","protected":false},"excerpt":{"rendered":"<p>Publi\u00e9 par ALM Date\u00a0:mars 23, 2020 0 Vues L\u2019Etat d\u2019urgence sanitaire et la restriction de la circulation s\u2019av\u00e8rent, pour le moment, le meilleur moyen pour maintenir la situation sanitaire sous contr\u00f4le. Certes, il s\u2019agit d\u2019une situation in\u00e9dite pour les marocains, mais ils commencent \u00e0 s\u2019y adapter. En parall\u00e8le, les autorit\u00e9s locales et Forces de l\u2019ordre [&hellip;]<\/p>\n","protected":false},"author":1759,"featured_media":0,"comment_status":"closed","ping_status":"closed","sticky":false,"template":"","format":"standard","meta":{"fifu_image_url":"","fifu_image_alt":"","footnotes":""},"categories":[73,54],"tags":[],"class_list":["post-79827","post","type-post","status-publish","format-standard","hentry","category-actualite","category-maroc"],"_links":{"self":[{"href":"https:\/\/linitiative.ca\/International\/wp-json\/wp\/v2\/posts\/79827","targetHints":{"allow":["GET"]}}],"collection":[{"href":"https:\/\/linitiative.ca\/International\/wp-json\/wp\/v2\/posts"}],"about":[{"href":"https:\/\/linitiative.ca\/International\/wp-json\/wp\/v2\/types\/post"}],"author":[{"embeddable":true,"href":"https:\/\/linitiative.ca\/International\/wp-json\/wp\/v2\/users\/1759"}],"replies":[{"embeddable":true,"href":"https:\/\/linitiative.ca\/International\/wp-json\/wp\/v2\/comments?post=79827"}],"version-history":[{"count":0,"href":"https:\/\/linitiative.ca\/International\/wp-json\/wp\/v2\/posts\/79827\/revisions"}],"wp:attachment":[{"href":"https:\/\/linitiative.ca\/International\/wp-json\/wp\/v2\/media?parent=79827"}],"wp:term":[{"taxonomy":"category","embeddable":true,"href":"https:\/\/linitiative.ca\/International\/wp-json\/wp\/v2\/categories?post=79827"},{"taxonomy":"post_tag","embeddable":true,"href":"https:\/\/linitiative.ca\/International\/wp-json\/wp\/v2\/tags?post=79827"}],"curies":[{"name":"wp","href":"https:\/\/api.w.org\/{rel}","templated":true}]}}