{"id":79832,"date":"2020-03-23T07:19:43","date_gmt":"2020-03-23T11:19:43","guid":{"rendered":"https:\/\/linitiative.ca\/International\/controle-autorites-locales-et-forces-publiques-a-pied-doeuvre\/"},"modified":"2020-03-23T07:19:43","modified_gmt":"2020-03-23T11:19:43","slug":"controle-autorites-locales-et-forces-publiques-a-pied-doeuvre","status":"publish","type":"post","link":"https:\/\/linitiative.ca\/International\/controle-autorites-locales-et-forces-publiques-a-pied-doeuvre\/","title":{"rendered":"Contr\u00f4le: autorit\u00e9s locales et forces publiques \u00e0 pied d\u2019\u0153uvre"},"content":{"rendered":"<div>\n<p style=\"text-align:center\" class=\"has-text-color has-vivid-cyan-blue-color\"><strong>Le Maroc en &eacute;tat d&rsquo;urgence sanitaire depuis vendredi<\/strong><\/p>\n<p style=\"color:#0608e5\" class=\"has-text-color\"><strong>Les autorit&eacute;s locales et les forces publiques sont &agrave; pied d&rsquo;oeuvre, &agrave; travers tout le Royaume, pour assurer la mise en oeuvre des mesures de contr&ocirc;le pour le respect de &ldquo;l&rsquo;Etat d&rsquo;urgence sanitaire&rdquo; d&eacute;cr&eacute;t&eacute; pour lutter contre la propagation du nouveau coronavirus (Covid-19).<\/strong><\/p>\n<p>Les &eacute;l&eacute;ments de la<br \/>\nS&ucirc;ret&eacute; nationale ont ainsi investi rues et art&egrave;res dans les villes et<br \/>\nagglom&eacute;rations afin d&rsquo;imposer le respect des consignes relatives &agrave; &ldquo;l&rsquo;Etat<br \/>\nd&rsquo;urgence sanitaire&rdquo;, en encadrant et en contr&ocirc;lant la circulation conform&eacute;ment<br \/>\naux r&egrave;gles d&eacute;cid&eacute;es par le minist&egrave;re de l&rsquo;Int&eacute;rieur.<\/p>\n<p>Ces mesures<br \/>\ns&eacute;curitaires visent &agrave; limiter au minimum la circulation comme moyen in&eacute;vitable<br \/>\npour maintenir la situation &eacute;pid&eacute;miologique du Covid-19 sous contr&ocirc;le, par la<br \/>\nrestriction des d&eacute;placements &agrave; des situations particuli&egrave;res comme les<br \/>\nd&eacute;placements pour des causes professionnelles ou pour se procurer des<br \/>\nm&eacute;dicaments et des produits de premi&egrave;res n&eacute;cessit&eacute;s.<\/p>\n<p>A cet effet, les<br \/>\nforces publiques s&rsquo;assurent que les citoyens sont munis des autorisations<br \/>\nexceptionnelles de circulation, dans le respect total de toutes les conditions<br \/>\nde s&eacute;curit&eacute; sanitaires et ce, sous peine de sanctions pr&eacute;vues par le code<br \/>\np&eacute;nal.<\/p>\n<div class=\"wp-block-image\">\n<figure class=\"aligncenter\"><img decoding=\"async\" src=\"http:\/\/albayane.press.ma\/wp-content\/uploads\/Le-boulevard-Med-Vi-et-la-Kissaria.jpg\" alt=\"\" class=\"wp-image-86256\"><\/figure>\n<\/div>\n<p>Le minist&egrave;re de<br \/>\nl&rsquo;Int&eacute;rieur avait d&eacute;cr&eacute;t&eacute; &ldquo;l&rsquo;Etat d&rsquo;urgence sanitaire&rdquo; &agrave; partir de vendredi &agrave;<br \/>\n18h00 pour pr&eacute;server la sant&eacute; et la s&eacute;curit&eacute; de la soci&eacute;t&eacute; marocaine.<\/p>\n<p>Un communiqu&eacute; du<br \/>\nminist&egrave;re avait affirm&eacute; que cette d&eacute;cision s&rsquo;inscrit dans un esprit de<br \/>\nresponsabilit&eacute; et de solidarit&eacute; nationale et apr&egrave;s la constatation de la<br \/>\ncontamination de citoyens r&eacute;sidant au Maroc par le nouveau coronavirus.<\/p>\n<p>&ldquo;L&rsquo;Etat d&rsquo;urgence<br \/>\nsanitaire&rdquo; et la restriction de la circulation jusqu&rsquo;&agrave; nouvel ordre a &eacute;t&eacute;<br \/>\nd&eacute;cid&eacute; comme seul moyen in&eacute;vitable pour garder le coronavirus sous contr&ocirc;le,<br \/>\navait indiqu&eacute; le minist&egrave;re, expliquant que cela ne signifie pas l&rsquo;arr&ecirc;t de<br \/>\nl&rsquo;activit&eacute; &eacute;conomique, mais la prise de mesures exceptionnelles imposant la<br \/>\nlimitation du mouvement des citoyens, et le fait de quitter le domicile sera<br \/>\nconditionn&eacute; par l&rsquo;obtention d&rsquo;un document officiel aupr&egrave;s des agents<br \/>\nd&rsquo;autorit&eacute;, selon certaines conditions.<\/p>\n<p>Ces cas, avait<br \/>\npr&eacute;cis&eacute; le communiqu&eacute;, sont limit&eacute;s pour &ldquo;se rendre au travail pour les<br \/>\nadministrations et les &eacute;tablissements ouverts, dont les soci&eacute;t&eacute;s, les usines,<br \/>\nles travaux agricoles, les locaux et espaces de commerce en rapport avec la vie<br \/>\nquotidienne du citoyen, les pharmacies, les secteurs bancaire et financier, les<br \/>\nstations d&rsquo;approvisionnement en hydrocarbures, les cliniques et cabinets<br \/>\nm&eacute;dicaux, les agences des soci&eacute;t&eacute;s de t&eacute;l&eacute;communications, les professions<br \/>\nlib&eacute;rales indispensables et les locaux de vente des produits d&rsquo;hygi&egrave;ne&rdquo;.<\/p>\n<p>L&rsquo;article <a rel=\"nofollow\" href=\"http:\/\/albayane.press.ma\/controle-autorites-locales-et-forces-publiques-a-pied-doeuvre.html\">Contr&ocirc;le: autorit&eacute;s locales et forces publiques &agrave; pied d&rsquo;&oelig;uvre<\/a> est apparu en premier sur <a rel=\"nofollow\" href=\"http:\/\/albayane.press.ma\/\">ALBAYANE<\/a>.<\/p>\n<\/div>\n<p>Auteur: M&rsquo;hammed rahal<br \/>\n<a href=\"http:\/\/albayane.press.ma\/controle-autorites-locales-et-forces-publiques-a-pied-doeuvre.html\">Cliquez ici pour lire l&rsquo;article depuis sa source.<\/a><\/p>\n","protected":false},"excerpt":{"rendered":"<p>Le Maroc en &eacute;tat d&rsquo;urgence sanitaire depuis vendredi Les autorit&eacute;s locales et les forces publiques sont &agrave; pied d&rsquo;oeuvre, &agrave; travers tout le Royaume, pour assurer la mise en oeuvre des mesures de contr&ocirc;le pour le respect de &ldquo;l&rsquo;Etat d&rsquo;urgence sanitaire&rdquo; d&eacute;cr&eacute;t&eacute; pour lutter contre la propagation du nouveau coronavirus (Covid-19). Les &eacute;l&eacute;ments de la [&hellip;]<\/p>\n","protected":false},"author":1760,"featured_media":79833,"comment_status":"closed","ping_status":"closed","sticky":false,"template":"","format":"standard","meta":{"fifu_image_url":"","fifu_image_alt":"","footnotes":""},"categories":[73,54],"tags":[],"class_list":["post-79832","post","type-post","status-publish","format-standard","has-post-thumbnail","hentry","category-actualite","category-maroc"],"_links":{"self":[{"href":"https:\/\/linitiative.ca\/International\/wp-json\/wp\/v2\/posts\/79832","targetHints":{"allow":["GET"]}}],"collection":[{"href":"https:\/\/linitiative.ca\/International\/wp-json\/wp\/v2\/posts"}],"about":[{"href":"https:\/\/linitiative.ca\/International\/wp-json\/wp\/v2\/types\/post"}],"author":[{"embeddable":true,"href":"https:\/\/linitiative.ca\/International\/wp-json\/wp\/v2\/users\/1760"}],"replies":[{"embeddable":true,"href":"https:\/\/linitiative.ca\/International\/wp-json\/wp\/v2\/comments?post=79832"}],"version-history":[{"count":0,"href":"https:\/\/linitiative.ca\/International\/wp-json\/wp\/v2\/posts\/79832\/revisions"}],"wp:featuredmedia":[{"embeddable":true,"href":"https:\/\/linitiative.ca\/International\/wp-json\/"}],"wp:attachment":[{"href":"https:\/\/linitiative.ca\/International\/wp-json\/wp\/v2\/media?parent=79832"}],"wp:term":[{"taxonomy":"category","embeddable":true,"href":"https:\/\/linitiative.ca\/International\/wp-json\/wp\/v2\/categories?post=79832"},{"taxonomy":"post_tag","embeddable":true,"href":"https:\/\/linitiative.ca\/International\/wp-json\/wp\/v2\/tags?post=79832"}],"curies":[{"name":"wp","href":"https:\/\/api.w.org\/{rel}","templated":true}]}}