{"id":79834,"date":"2020-03-23T09:06:35","date_gmt":"2020-03-23T13:06:35","guid":{"rendered":"https:\/\/linitiative.ca\/International\/confinement-et-couvre-feu-modalites-dapplication-des-mesures-gouvernementales-pour-les-entreprises\/"},"modified":"2020-03-23T09:06:35","modified_gmt":"2020-03-23T13:06:35","slug":"confinement-et-couvre-feu-modalites-dapplication-des-mesures-gouvernementales-pour-les-entreprises","status":"publish","type":"post","link":"https:\/\/linitiative.ca\/International\/confinement-et-couvre-feu-modalites-dapplication-des-mesures-gouvernementales-pour-les-entreprises\/","title":{"rendered":"Confinement et couvre-feu : Modalit\u00e9s d\u2019application des mesures gouvernementales pour les entreprises"},"content":{"rendered":"<p>Les mesures financi\u00e8res et fiscales visant \u00e0 soutenir les entreprises touch\u00e9es des suites de confinement et \u00e0 pr\u00e9server les emplois et la p\u00e9rennit\u00e9 de l\u2019entreprises sont prises, a indiqu\u00e9 dimanche le minist\u00e8re des finances.<\/p>\n<p>Ces mesures, annonc\u00e9es samedi, par le chef du gouvernement Ely\u00e8s Fakhfakh sont d\u00e9taill\u00e9es comme suit :<\/p>\n<p>1- Report des d\u00e9lais de remise des d\u00e9clarations d\u2019imp\u00f4t sur les soci\u00e9t\u00e9s \u00e0 fin mai 2020 \u00e0 l\u2019exception des soci\u00e9t\u00e9s soumises \u00e0 35% de l\u2019imp\u00f4t.<\/p>\n<p>2- Suspension de toutes les activit\u00e9s de contr\u00f4le et de mesures de redressement fiscal et des d\u00e9lais d\u2019objection jusqu\u2019\u00e0 fin mai.<\/p>\n<p>3- R\u00e9cup\u00e9ration, par les entreprises du cr\u00e9dit TVA, dans les plus brefs d\u00e9lais, \u00e0 travers l\u2019acc\u00e9l\u00e9ration de la tenue de la commission d\u2019examen des demandes de r\u00e9cup\u00e9ration, \u00e0 une fois par semaine au lieu de 2 fois par mois, de mani\u00e8re \u00e0 ne pas d\u00e9passer un d\u00e9lai maximum de un mois pour le remboursement.<\/p>\n<p>4- Activation de la commission nationale et des commissions r\u00e9gionales de conciliation.<\/p>\n<p><strong>Entreprises les plus touch\u00e9es par la crise :<\/strong><\/p>\n<p>5- Cr\u00e9ation d\u2019une cellule de crise au niveau de la pr\u00e9sidence du gouvernement charg\u00e9e des entreprises les plus touch\u00e9es des suites du coronavirus. Cette cellule, qui sera compos\u00e9e de repr\u00e9sentants des minist\u00e8res des finances, des affaires sociales, de la BCT et de l\u2019UTICA, de l\u2019APBEF et de l\u2019UTAP, \u0153uvrera \u00e0 pr\u00e9server les emplois et \u00e0 garantir les droits des travailleurs. Elle sera ouverte \u00e0 d\u2019autres organisations et minist\u00e8res en cas de besoin.<\/p>\n<p>6- R\u00e9\u00e9chelonnement des dettes fiscales de ces entreprises sur une p\u00e9riode de 7 ans.<\/p>\n<p>7- Faire b\u00e9n\u00e9ficier ces entreprises d\u2019un report de 3 mois pour les p\u00e9nalit\u00e9s de retard de paiement d\u2019imp\u00f4ts, \u00e0 partir du 1er avril et jusqu\u2019au 30 juin 2020.<\/p>\n<p>8- Faciliter \u00e0 ces entreprises, le remboursement de cr\u00e9dit TVA provenant de l\u2019exploitation nonobstant sa continuit\u00e9 pendant 6mois, mais \u00e0 condition de proc\u00e9der au paiement dans un d\u00e9lai d\u2019un mois.<\/p>\n<p>9- Permettre \u00e0 ses entreprises d\u2019obtenir exceptionnellement, des certificats de suspension des taxes et autres certificats fiscaux dans l\u2019imm\u00e9diat, sans pr\u00e9senter les documents n\u00e9cessaires \u00e0 condition de s\u2019engager \u00e0 les pr\u00e9senter ult\u00e9rieurement.<\/p>\n<p>A cet \u00e9gard, le concept \u00bb entreprise touch\u00e9e des suites du coronavirus \u00ab sera d\u00e9termin\u00e9 dans un d\u00e9cret gouvernemental apr\u00e8s concertation avec la cellule de crise de la pr\u00e9sidence du gouvernement. Cette cellule est charg\u00e9e de veiller \u00e0 l\u2019application des mesures et du contr\u00f4le de respect par les entreprises des droits des travailleurs et de la pr\u00e9servation des emplois.<\/p>\n<p>10- En ce qui concerne le secteur touristique et toutes ses composantes : \u00e9tablissements touristiques, agences de voyage de type 1, restaurants touristiques, entreprises artisanales, ainsi que pour le secteur du transport et de la culture et autres secteurs touch\u00e9s, un m\u00e9canisme sera cr\u00e9\u00e9, pour garantir les nouveaux cr\u00e9dits de gestion, d\u2019exploitation et de maintenance qui seront accord\u00e9s par les banques jusqu\u2019au 31 d\u00e9cembre 2020. Ces cr\u00e9dits, de l\u2019ordre de 500 millions de dinars, seront rembours\u00e9s sur 7 ans avec 2ans de gr\u00e2ce.<\/p>\n<p><strong>Petites et moyennes entreprises :<\/strong><\/p>\n<p>11- Ouverture d\u2019une ligne de financement suppl\u00e9mentaire de 300 MD pour soutenir la ligne de d\u00e9veloppement des petites et moyennes entreprises.<\/p>\n<p>12- Activation des mesures de prise en charge par l\u2019Etat de l\u2019\u00e9cart entre le taux d\u2019int\u00e9r\u00eat des cr\u00e9dits d\u2019investissement et le TMM, de l\u2019ordre de 3 points.<\/p>\n<p>13- Cr\u00e9ation de fonds d\u2019investissement d\u2019un montant de 500 MD (dont une premi\u00e8re souscription de 100 millions de dinars) \u00e0 l\u2019initiative de la Caisse des d\u00e9p\u00f4ts et consignations (CDC); et ce pour financer les entreprises strat\u00e9giques.<\/p>\n<p>14- Cr\u00e9ation d\u2019un Fonds de relais de 100 millions de dinars, \u00e0 l\u2019initiative de la CDC pour r\u00e9acqu\u00e9rir les participations des fonds d\u2019investissement dans les soci\u00e9t\u00e9s actives dans des domaines strat\u00e9giques et qui sont en difficult\u00e9s.<\/p>\n<p><strong>Secteur de la sant\u00e9 publique :<\/strong><\/p>\n<p>15-Cr\u00e9ation d\u2019un m\u00e9canisme de financement de 100 millions de dinars \u00e0 l\u2019initiative de la CDC pour financer l\u2019acquisition des \u00e9quipements par les \u00e9tablissements de sant\u00e9 publique.<\/p>\n<p>16-Exon\u00e9ration des entreprises actives dans la vente en gros et en d\u00e9tail des m\u00e9dicaments, de paiement de la TVA.<\/p>\n<p><strong>Entreprises totalement exportatrices\u00a0:<\/strong><\/p>\n<p>17- Permettre aux entreprises totalement exportatrices actives dans l\u2019agroalimentaire d\u2019\u00e9couler 100% de leur production totale sur le march\u00e9 local au lieu de 30%, en 2020.<\/p>\n<p>18- Permettre aux soci\u00e9t\u00e9s offshores de porter de 30% \u00e0 50% le taux de la commercialisation de leurs produits sur le march\u00e9 local en 2020.<\/p>\n<p><strong>Autres secteurs\u00a0:<\/strong><\/p>\n<p>19-Cr\u00e9er un fonds pour l\u2019impulsion du secteur culturel et aider les entreprises et les projets prometteurs dans ce domaine \u00e0 faire face aux difficult\u00e9s rencontr\u00e9es \u00e0 cause de l\u2019annulation des manifestations culturelles<\/p>\n<p>20- Permettre aux entreprises de r\u00e9\u00e9valuer les biens b\u00e2tis et non b\u00e2tis inclus dans leur budget en fonction de leur valeur r\u00e9elle, tout en les exon\u00e9rant de la valeur ajout\u00e9e en provenance de la r\u00e9\u00e9valuation et ce \u00e0 condition de ne pas les c\u00e9der.<\/p>\n<p>21-Prolongation du d\u00e9lai de paiement des vignettes \u00e0 fin avril 2020.<\/p>\n<p>22-Adoption d\u2019une amnistie fiscale et douani\u00e8res au profit de ceux qui disposent d\u2019imp\u00f4ts dus de mani\u00e8re \u00e0 permettre aux entreprises industrielles, sanctionn\u00e9es dans le cadre de proc\u00e8s douaniers dat\u00e9s avant 20 mars 2020, de ne payer qu\u2019une amende de 10% du montant du.<\/p>\n<p>23-Exon\u00e9ration des entreprises qui ont conclu des march\u00e9s publics et dont la r\u00e9alisation a \u00e9t\u00e9 bloqu\u00e9e par des p\u00e9nalit\u00e9s de retard pour une p\u00e9riode maximale de 6 mois.<\/p>\n<p>Ces mesures compl\u00e8tent celles prises par la BCT, a pr\u00e9cis\u00e9 le minist\u00e8re des finances notant qu\u2019elles seront mises en \u0153uvre apr\u00e8s leur publication dans le cadre de textes r\u00e8glementaires ou leur examen par l\u2019Assembl\u00e9e des Repr\u00e9sentants du Peuple.<\/p>\n<p>Un comit\u00e9 de pilotage et de veille sera cr\u00e9\u00e9 au sein du minist\u00e8re des Finances et se chargera du suivi de l\u2019application de ces mesures \u00e0 la lumi\u00e8re de l\u2019\u00e9volution de la situation.<\/p>\n<div class=\"wp-post-author-wrap wp-post-author-shortcode left\">\n<h3 class=\"awpa-title\"\/>\n<div class=\"wp-post-author\">\n<div class=\"awpa-img awpa-author-block square\"><a href=\"http:\/\/lexpertjournal.net\/fr\/?author=5\"><img loading=\"lazy\" decoding=\"async\" alt=\"\" src=\"http:\/\/0.gravatar.com\/avatar\/97f8e10a1c1125ba104a76514ee07b16?s=150&amp;d=mm&amp;r=g\" srcset=\"http:\/\/0.gravatar.com\/avatar\/97f8e10a1c1125ba104a76514ee07b16?s=300&amp;d=mm&amp;r=g 2x\" class=\"avatar avatar-150 photo\" height=\"150\" width=\"150\"\/><\/a><\/div>\n<\/div>\n<\/div>\n<aside class=\"mashsb-container mashsb-main mashsb-stretched\">\n<\/aside>\n<p>Auteur: L&rsquo;expert<br \/>\n<a href=\"http:\/\/lexpertjournal.net\/fr\/?p=13156\">Cliquez ici pour lire l&rsquo;article depuis sa source.<\/a><\/p>\n","protected":false},"excerpt":{"rendered":"<p>Les mesures financi\u00e8res et fiscales visant \u00e0 soutenir les entreprises touch\u00e9es des suites de confinement et \u00e0 pr\u00e9server les emplois et la p\u00e9rennit\u00e9 de l\u2019entreprises sont prises, a indiqu\u00e9 dimanche le minist\u00e8re des finances. Ces mesures, annonc\u00e9es samedi, par le chef du gouvernement Ely\u00e8s Fakhfakh sont d\u00e9taill\u00e9es comme suit : 1- Report des d\u00e9lais de [&hellip;]<\/p>\n","protected":false},"author":1775,"featured_media":0,"comment_status":"closed","ping_status":"closed","sticky":false,"template":"","format":"standard","meta":{"fifu_image_url":"","fifu_image_alt":"","footnotes":""},"categories":[78,55],"tags":[],"class_list":["post-79834","post","type-post","status-publish","format-standard","hentry","category-economie","category-tunisie"],"_links":{"self":[{"href":"https:\/\/linitiative.ca\/International\/wp-json\/wp\/v2\/posts\/79834","targetHints":{"allow":["GET"]}}],"collection":[{"href":"https:\/\/linitiative.ca\/International\/wp-json\/wp\/v2\/posts"}],"about":[{"href":"https:\/\/linitiative.ca\/International\/wp-json\/wp\/v2\/types\/post"}],"author":[{"embeddable":true,"href":"https:\/\/linitiative.ca\/International\/wp-json\/wp\/v2\/users\/1775"}],"replies":[{"embeddable":true,"href":"https:\/\/linitiative.ca\/International\/wp-json\/wp\/v2\/comments?post=79834"}],"version-history":[{"count":0,"href":"https:\/\/linitiative.ca\/International\/wp-json\/wp\/v2\/posts\/79834\/revisions"}],"wp:attachment":[{"href":"https:\/\/linitiative.ca\/International\/wp-json\/wp\/v2\/media?parent=79834"}],"wp:term":[{"taxonomy":"category","embeddable":true,"href":"https:\/\/linitiative.ca\/International\/wp-json\/wp\/v2\/categories?post=79834"},{"taxonomy":"post_tag","embeddable":true,"href":"https:\/\/linitiative.ca\/International\/wp-json\/wp\/v2\/tags?post=79834"}],"curies":[{"name":"wp","href":"https:\/\/api.w.org\/{rel}","templated":true}]}}