{"id":79835,"date":"2020-03-23T09:09:20","date_gmt":"2020-03-23T13:09:20","guid":{"rendered":"https:\/\/linitiative.ca\/International\/circulation-limitee-sur-lile-djerba-isolee-du-reste-du-pays\/"},"modified":"2020-03-23T09:09:20","modified_gmt":"2020-03-23T13:09:20","slug":"circulation-limitee-sur-lile-djerba-isolee-du-reste-du-pays","status":"publish","type":"post","link":"https:\/\/linitiative.ca\/International\/circulation-limitee-sur-lile-djerba-isolee-du-reste-du-pays\/","title":{"rendered":"Circulation limit\u00e9e sur l\u2019\u00eele : Djerba isol\u00e9e du reste du pays"},"content":{"rendered":"<p>La circulation sur l\u2019\u00eele de Djerba sera, consid\u00e9rablement, r\u00e9duite, avec l\u2019interdiction d\u2019entr\u00e9e et de sortie de l\u2019\u00eele sauf n\u00e9cessit\u00e9, a d\u00e9clar\u00e9 le gouverneur de M\u00e9denine, Habib Chaouat.<\/p>\n<p>Suite \u00e0 une r\u00e9union tenue, dimanche, au si\u00e8ge du gouvernorat, il a \u00e9t\u00e9 d\u00e9cid\u00e9 de suspendre les activit\u00e9s des bacs, dans le cadre des mesures prises apr\u00e8s que le minist\u00e8re de Sant\u00e9 a class\u00e9 l\u2019\u00eele comme foyer d\u2019\u00e9pid\u00e9mie.<\/p>\n<p>Dans le m\u00eame contexte, les autorit\u00e9s concern\u00e9es ont d\u00e9cid\u00e9 d\u2019isoler les trois cas contamin\u00e9s, de leurs familles, et de leur assurer un suivi m\u00e9dical continu.<\/p>\n<p>Le gouverneur de M\u00e9denine exprime son \u00e9tonnement vis-\u00e0-vis du classement fait par le minist\u00e8re en s\u2019interrogeant sur les crit\u00e8res adopt\u00e9s bien que l\u2019\u00eele n\u2019a enregistr\u00e9 que trois cas de contamination isol\u00e9s et import\u00e9s.<\/p>\n<p>Evoquant les mesures prises pour limiter la propagation du virus, le gouverneur mentionne le durcissement du contr\u00f4le de confinement total sans pour autant fermer une localit\u00e9 ou un quartier.<\/p>\n<p>La qualification de l\u2019\u00eele comme \u00ab foyer d\u2019\u00e9pid\u00e9mie \u00bb, malgr\u00e9 le nombre limit\u00e9 de cas de contamination \u00e0 moins de 10 et l\u2019absence de cas de contamination verticale, est due \u00e0 l\u2019\u00e9troitesse de la superficie de la d\u00e9l\u00e9gation de Djerba, en<\/p>\n<p>plus du non-respect de l\u2019auto-isolement sanitaire, explique le directeur r\u00e9gional de la sant\u00e9, Jameleddine Hamdi.<\/p>\n<p>Selon la m\u00eame source, des comit\u00e9s locaux compos\u00e9s de repr\u00e9sentants du corps m\u00e9dical, de la s\u00fbret\u00e9 et des conseils locaux ont \u00e9t\u00e9 constitu\u00e9s pour le suivi \u00e9troit des 460 personnes soumises, actuellement, \u00e0 l\u2019auto-isolement.<\/p>\n<p>Une campagne de d\u00e9sinfection d\u2019envergure est engag\u00e9e, sur l\u2019\u00eele, suite \u00e0 la d\u00e9signation de Djerba foyer d\u2019\u00e9pid\u00e9mie par le minist\u00e8re de la sant\u00e9.<\/p>\n<p>Des m\u00e9decins du secteur priv\u00e9 ont rejoint l\u2019h\u00f4pital r\u00e9gional de Djerba pour renforcer les \u00e9quipes hospitali\u00e8res.<\/p>\n<div class=\"wp-post-author-wrap wp-post-author-shortcode left\">\n<h3 class=\"awpa-title\"\/>\n<div class=\"wp-post-author\">\n<div class=\"awpa-img awpa-author-block square\"><a href=\"http:\/\/lexpertjournal.net\/fr\/?author=5\"><img loading=\"lazy\" decoding=\"async\" alt=\"\" src=\"http:\/\/0.gravatar.com\/avatar\/97f8e10a1c1125ba104a76514ee07b16?s=150&amp;d=mm&amp;r=g\" srcset=\"http:\/\/0.gravatar.com\/avatar\/97f8e10a1c1125ba104a76514ee07b16?s=300&amp;d=mm&amp;r=g 2x\" class=\"avatar avatar-150 photo\" height=\"150\" width=\"150\"\/><\/a><\/div>\n<\/div>\n<\/div>\n<aside class=\"mashsb-container mashsb-main mashsb-stretched\">\n<\/aside>\n<p>Auteur: L&rsquo;expert<br \/>\n<a href=\"http:\/\/lexpertjournal.net\/fr\/?p=13158\">Cliquez ici pour lire l&rsquo;article depuis sa source.<\/a><\/p>\n","protected":false},"excerpt":{"rendered":"<p>La circulation sur l\u2019\u00eele de Djerba sera, consid\u00e9rablement, r\u00e9duite, avec l\u2019interdiction d\u2019entr\u00e9e et de sortie de l\u2019\u00eele sauf n\u00e9cessit\u00e9, a d\u00e9clar\u00e9 le gouverneur de M\u00e9denine, Habib Chaouat. Suite \u00e0 une r\u00e9union tenue, dimanche, au si\u00e8ge du gouvernorat, il a \u00e9t\u00e9 d\u00e9cid\u00e9 de suspendre les activit\u00e9s des bacs, dans le cadre des mesures prises apr\u00e8s que [&hellip;]<\/p>\n","protected":false},"author":1775,"featured_media":0,"comment_status":"closed","ping_status":"closed","sticky":false,"template":"","format":"standard","meta":{"fifu_image_url":"","fifu_image_alt":"","footnotes":""},"categories":[78,55],"tags":[],"class_list":["post-79835","post","type-post","status-publish","format-standard","hentry","category-economie","category-tunisie"],"_links":{"self":[{"href":"https:\/\/linitiative.ca\/International\/wp-json\/wp\/v2\/posts\/79835","targetHints":{"allow":["GET"]}}],"collection":[{"href":"https:\/\/linitiative.ca\/International\/wp-json\/wp\/v2\/posts"}],"about":[{"href":"https:\/\/linitiative.ca\/International\/wp-json\/wp\/v2\/types\/post"}],"author":[{"embeddable":true,"href":"https:\/\/linitiative.ca\/International\/wp-json\/wp\/v2\/users\/1775"}],"replies":[{"embeddable":true,"href":"https:\/\/linitiative.ca\/International\/wp-json\/wp\/v2\/comments?post=79835"}],"version-history":[{"count":0,"href":"https:\/\/linitiative.ca\/International\/wp-json\/wp\/v2\/posts\/79835\/revisions"}],"wp:attachment":[{"href":"https:\/\/linitiative.ca\/International\/wp-json\/wp\/v2\/media?parent=79835"}],"wp:term":[{"taxonomy":"category","embeddable":true,"href":"https:\/\/linitiative.ca\/International\/wp-json\/wp\/v2\/categories?post=79835"},{"taxonomy":"post_tag","embeddable":true,"href":"https:\/\/linitiative.ca\/International\/wp-json\/wp\/v2\/tags?post=79835"}],"curies":[{"name":"wp","href":"https:\/\/api.w.org\/{rel}","templated":true}]}}