{"id":79837,"date":"2020-03-23T09:26:18","date_gmt":"2020-03-23T13:26:18","guid":{"rendered":"https:\/\/linitiative.ca\/International\/le-president-de-lutica-rassure-les-entreprises-privees-vont-continuer-a-payer-leurs-employes\/"},"modified":"2020-03-23T09:26:18","modified_gmt":"2020-03-23T13:26:18","slug":"le-president-de-lutica-rassure-les-entreprises-privees-vont-continuer-a-payer-leurs-employes","status":"publish","type":"post","link":"https:\/\/linitiative.ca\/International\/le-president-de-lutica-rassure-les-entreprises-privees-vont-continuer-a-payer-leurs-employes\/","title":{"rendered":"Le pr\u00e9sident de l\u2019UTICA rassure : Les entreprises priv\u00e9es vont continuer \u00e0 payer leurs employ\u00e9s"},"content":{"rendered":"<p>L\u2019Union tunisienne de l\u2019Industrie, du commerce et de l\u2019artisanat (UTICA), a tenu \u00e0 rassurer que les entreprises priv\u00e9es vont continuer \u00e0 payer leurs employ\u00e9s<\/p>\n<p>durant le confinement total, d\u00e9cid\u00e9, le 20 mars 2020, par le pr\u00e9sident de la R\u00e9publique, jusqu\u2019au 4 avril 2020.<\/p>\n<p>Ces entreprises n\u2019auront recours au ch\u00f4mage technique sauf dans des cas de force majeure, a pr\u00e9cis\u00e9 le patronat, dimanche, dans un communiqu\u00e9.<\/p>\n<p>Il a salu\u00e9, \u00e0 cet effet, les nouvelles mesures annonc\u00e9es, samedi, par le chef du gouvernement Ely\u00e8s Fakhfakh, dans le cadre de la lutte contre le coronavirus en Tunisie.<\/p>\n<p>Le patronat a, toutefois, \u00e9mis l\u2019espoir de voir ces mesures appliqu\u00e9es dans la fluidit\u00e9 requise et \u00e9tendues aux professionnels du transport, de l\u2019artisanat et des fournisseurs de services et aussi aux entreprises \u00bb touch\u00e9es partiellement ou compl\u00e8tement par les impacts de la pand\u00e9mie corona \u00ab .<\/p>\n<p>Le patronat a aussi rassur\u00e9 que les entreprises vont continuer \u00e0 approvisionner le march\u00e9 de produits de base et qu\u2019un stock strat\u00e9gique est disponible.<\/p>\n<p>En Tunisie, le bilan actualis\u00e9 des cas confirm\u00e9s de coronavirus, fait \u00e9tat de 75 personnes contamin\u00e9es dans plusieurs r\u00e9gions du pays.<\/p>\n<div class=\"wp-post-author-wrap wp-post-author-shortcode left\">\n<h3 class=\"awpa-title\"\/>\n<div class=\"wp-post-author\">\n<div class=\"awpa-img awpa-author-block square\"><a href=\"http:\/\/lexpertjournal.net\/fr\/?author=5\"><img loading=\"lazy\" decoding=\"async\" alt=\"\" src=\"http:\/\/0.gravatar.com\/avatar\/97f8e10a1c1125ba104a76514ee07b16?s=150&amp;d=mm&amp;r=g\" srcset=\"http:\/\/0.gravatar.com\/avatar\/97f8e10a1c1125ba104a76514ee07b16?s=300&amp;d=mm&amp;r=g 2x\" class=\"avatar avatar-150 photo\" height=\"150\" width=\"150\"\/><\/a><\/div>\n<\/div>\n<\/div>\n<aside class=\"mashsb-container mashsb-main mashsb-stretched\">\n<\/aside>\n<p>Auteur: L&rsquo;expert<br \/>\n<a href=\"http:\/\/lexpertjournal.net\/fr\/?p=13166\">Cliquez ici pour lire l&rsquo;article depuis sa source.<\/a><\/p>\n","protected":false},"excerpt":{"rendered":"<p>L\u2019Union tunisienne de l\u2019Industrie, du commerce et de l\u2019artisanat (UTICA), a tenu \u00e0 rassurer que les entreprises priv\u00e9es vont continuer \u00e0 payer leurs employ\u00e9s durant le confinement total, d\u00e9cid\u00e9, le 20 mars 2020, par le pr\u00e9sident de la R\u00e9publique, jusqu\u2019au 4 avril 2020. Ces entreprises n\u2019auront recours au ch\u00f4mage technique sauf dans des cas de [&hellip;]<\/p>\n","protected":false},"author":1775,"featured_media":0,"comment_status":"closed","ping_status":"closed","sticky":false,"template":"","format":"standard","meta":{"fifu_image_url":"","fifu_image_alt":"","footnotes":""},"categories":[78,55],"tags":[],"class_list":["post-79837","post","type-post","status-publish","format-standard","hentry","category-economie","category-tunisie"],"_links":{"self":[{"href":"https:\/\/linitiative.ca\/International\/wp-json\/wp\/v2\/posts\/79837","targetHints":{"allow":["GET"]}}],"collection":[{"href":"https:\/\/linitiative.ca\/International\/wp-json\/wp\/v2\/posts"}],"about":[{"href":"https:\/\/linitiative.ca\/International\/wp-json\/wp\/v2\/types\/post"}],"author":[{"embeddable":true,"href":"https:\/\/linitiative.ca\/International\/wp-json\/wp\/v2\/users\/1775"}],"replies":[{"embeddable":true,"href":"https:\/\/linitiative.ca\/International\/wp-json\/wp\/v2\/comments?post=79837"}],"version-history":[{"count":0,"href":"https:\/\/linitiative.ca\/International\/wp-json\/wp\/v2\/posts\/79837\/revisions"}],"wp:attachment":[{"href":"https:\/\/linitiative.ca\/International\/wp-json\/wp\/v2\/media?parent=79837"}],"wp:term":[{"taxonomy":"category","embeddable":true,"href":"https:\/\/linitiative.ca\/International\/wp-json\/wp\/v2\/categories?post=79837"},{"taxonomy":"post_tag","embeddable":true,"href":"https:\/\/linitiative.ca\/International\/wp-json\/wp\/v2\/tags?post=79837"}],"curies":[{"name":"wp","href":"https:\/\/api.w.org\/{rel}","templated":true}]}}