{"id":79838,"date":"2020-03-23T09:29:41","date_gmt":"2020-03-23T13:29:41","guid":{"rendered":"https:\/\/linitiative.ca\/International\/jbel-oust-covid-19-50-tunisiens-de-retour-du-canada-confines-au-complexe-sanitaire\/"},"modified":"2020-03-23T09:29:41","modified_gmt":"2020-03-23T13:29:41","slug":"jbel-oust-covid-19-50-tunisiens-de-retour-du-canada-confines-au-complexe-sanitaire","status":"publish","type":"post","link":"https:\/\/linitiative.ca\/International\/jbel-oust-covid-19-50-tunisiens-de-retour-du-canada-confines-au-complexe-sanitaire\/","title":{"rendered":"Jbel Oust-Covid-19 :  50 Tunisiens de retour du Canada confin\u00e9s au Complexe sanitaire"},"content":{"rendered":"<p>Le Complexe sanitaire de Jbel Oust a accueilli, dimanche, une cinquantaine de Tunisiens de retour du Canada. Hommes, femmes et enfants devront passer une p\u00e9riode d\u2019isolement sanitaire obligatoire de 14 jours, par pr\u00e9vention contre le Covid19, selon la directrice r\u00e9gionale de la sant\u00e9 \u00e0 Zaghouan, Hager Missaoui.<\/p>\n<p>Un cas suspect parmi eux devra subir un test de d\u00e9pistage, apr\u00e8s un premier diagnostic \u00e0 l\u2019a\u00e9roport. Il a \u00e9t\u00e9 isol\u00e9 dans une chambre, au Complexe sanitaire, en attendant les r\u00e9sultats des analyses.<\/p>\n<p>Avant l\u2019arriv\u00e9e de ces Tunisiens, le complexe sanitaire a \u00e9t\u00e9 totalement \u00e9vacu\u00e9 des curistes pour les pr\u00e9munir contre les risques de contamination au coronavirus. Les nouveaux r\u00e9sidents seront, totalement, pris en charge sous le contr\u00f4le des services de l\u2019hygi\u00e8ne et b\u00e9n\u00e9ficieront d\u2019un suivi m\u00e9dical quotidien, indique la m\u00eame source<\/p>\n<div class=\"wp-post-author-wrap wp-post-author-shortcode left\">\n<h3 class=\"awpa-title\"\/>\n<div class=\"wp-post-author\">\n<div class=\"awpa-img awpa-author-block square\"><a href=\"http:\/\/lexpertjournal.net\/fr\/?author=5\"><img loading=\"lazy\" decoding=\"async\" alt=\"\" src=\"http:\/\/0.gravatar.com\/avatar\/97f8e10a1c1125ba104a76514ee07b16?s=150&amp;d=mm&amp;r=g\" srcset=\"http:\/\/0.gravatar.com\/avatar\/97f8e10a1c1125ba104a76514ee07b16?s=300&amp;d=mm&amp;r=g 2x\" class=\"avatar avatar-150 photo\" height=\"150\" width=\"150\"\/><\/a><\/div>\n<\/div>\n<\/div>\n<aside class=\"mashsb-container mashsb-main mashsb-stretched\">\n<\/aside>\n<p>Auteur: L&rsquo;expert<br \/>\n<a href=\"http:\/\/lexpertjournal.net\/fr\/?p=13169\">Cliquez ici pour lire l&rsquo;article depuis sa source.<\/a><\/p>\n","protected":false},"excerpt":{"rendered":"<p>Le Complexe sanitaire de Jbel Oust a accueilli, dimanche, une cinquantaine de Tunisiens de retour du Canada. Hommes, femmes et enfants devront passer une p\u00e9riode d\u2019isolement sanitaire obligatoire de 14 jours, par pr\u00e9vention contre le Covid19, selon la directrice r\u00e9gionale de la sant\u00e9 \u00e0 Zaghouan, Hager Missaoui. Un cas suspect parmi eux devra subir un [&hellip;]<\/p>\n","protected":false},"author":1775,"featured_media":0,"comment_status":"closed","ping_status":"closed","sticky":false,"template":"","format":"standard","meta":{"fifu_image_url":"","fifu_image_alt":"","footnotes":""},"categories":[78,55],"tags":[],"class_list":["post-79838","post","type-post","status-publish","format-standard","hentry","category-economie","category-tunisie"],"_links":{"self":[{"href":"https:\/\/linitiative.ca\/International\/wp-json\/wp\/v2\/posts\/79838","targetHints":{"allow":["GET"]}}],"collection":[{"href":"https:\/\/linitiative.ca\/International\/wp-json\/wp\/v2\/posts"}],"about":[{"href":"https:\/\/linitiative.ca\/International\/wp-json\/wp\/v2\/types\/post"}],"author":[{"embeddable":true,"href":"https:\/\/linitiative.ca\/International\/wp-json\/wp\/v2\/users\/1775"}],"replies":[{"embeddable":true,"href":"https:\/\/linitiative.ca\/International\/wp-json\/wp\/v2\/comments?post=79838"}],"version-history":[{"count":0,"href":"https:\/\/linitiative.ca\/International\/wp-json\/wp\/v2\/posts\/79838\/revisions"}],"wp:attachment":[{"href":"https:\/\/linitiative.ca\/International\/wp-json\/wp\/v2\/media?parent=79838"}],"wp:term":[{"taxonomy":"category","embeddable":true,"href":"https:\/\/linitiative.ca\/International\/wp-json\/wp\/v2\/categories?post=79838"},{"taxonomy":"post_tag","embeddable":true,"href":"https:\/\/linitiative.ca\/International\/wp-json\/wp\/v2\/tags?post=79838"}],"curies":[{"name":"wp","href":"https:\/\/api.w.org\/{rel}","templated":true}]}}