{"id":79840,"date":"2020-03-23T06:39:00","date_gmt":"2020-03-23T10:39:00","guid":{"rendered":"https:\/\/linitiative.ca\/International\/report-du-proces-de-tabbou-au-6-avril\/"},"modified":"2020-03-23T06:39:00","modified_gmt":"2020-03-23T10:39:00","slug":"report-du-proces-de-tabbou-au-6-avril","status":"publish","type":"post","link":"https:\/\/linitiative.ca\/International\/report-du-proces-de-tabbou-au-6-avril\/","title":{"rendered":"Report du Proc\u00e8s de Tabbou au 6 avril"},"content":{"rendered":"<div id=\"originalText\" readability=\"50\">\n<p>Le proc\u00e8s de Karim Tabbou, qui devait se tenir ce lundi, au tribunal du Kol\u00e9a, a \u00e9t\u00e9 report\u00e9 au 6 avril prochain, \u00e0 la demande du collectif des avocats de la d\u00e9fense, a annonc\u00e9 le Comit\u00e9 national pour la lib\u00e9ration des d\u00e9tenus (CNLD).<\/p>\n<p>Il s&rsquo;agit de la premi\u00e8re affaire du coordinateur de l\u2019UDS pour laquelle il a \u00e9t\u00e9 arr\u00eat\u00e9 le 11 septembre puis remis en libert\u00e9 conditionnelle le 25 du m\u00eame mois. Il \u00e9tait poursuivi pour \u00ab\u00a0atteinte au moral de l\u2019arm\u00e9e\u00a0\u00bb.<\/p>\n<p>Il sera arr\u00eat\u00e9 de nouveau le 26 septembre pour \u00abatteinte \u00e0 l\u2019unit\u00e9 nationale\u00bb et jug\u00e9 le 11 mars dernier, o\u00f9 il a \u00e9t\u00e9 condamn\u00e9 par le tribunal de Sidi M\u2019hamed, \u00e0 une ann\u00e9e de prison, dont six mois avec sursis. Il quittera la prison ce mercredi 26 mars apr\u00e8s avoir purg\u00e9 sa peine.<\/p>\n<p class=\"c6\"><strong>S. Benmalek<\/strong><\/p>\n<\/div>\n<div id=\"text_core\" readability=\"50\">\n<p>Le proc\u00e8s de Karim Tabbou, qui devait se tenir ce lundi, au tribunal du Kol\u00e9a, a \u00e9t\u00e9 report\u00e9 au 6 avril prochain, \u00e0 la demande du collectif des avocats de la d\u00e9fense, a annonc\u00e9 le Comit\u00e9 national pour la lib\u00e9ration des d\u00e9tenus (CNLD).<\/p>\n<p>Il s&rsquo;agit de la premi\u00e8re affaire du coordinateur de l\u2019UDS pour laquelle il a \u00e9t\u00e9 arr\u00eat\u00e9 le 11 septembre puis remis en libert\u00e9 conditionnelle le 25 du m\u00eame mois. Il \u00e9tait poursuivi pour \u00ab\u00a0atteinte au moral de l\u2019arm\u00e9e\u00a0\u00bb.<\/p>\n<p>Il sera arr\u00eat\u00e9 de nouveau le 26 septembre pour \u00abatteinte \u00e0 l\u2019unit\u00e9 nationale\u00bb et jug\u00e9 le 11 mars dernier, o\u00f9 il a \u00e9t\u00e9 condamn\u00e9 par le tribunal de Sidi M\u2019hamed, \u00e0 une ann\u00e9e de prison, dont six mois avec sursis. Il quittera la prison ce mercredi 26 mars apr\u00e8s avoir purg\u00e9 sa peine.<\/p>\n<p class=\"c6\"><strong>S. Benmalek<\/strong><\/p>\n<\/div>\n<p>Auteur:<br \/>\n<a href=\"https:\/\/www.liberte-algerie.com\/actualite\/report-du-proces-de-tabbou-au-6-avril-336471\">Cliquez ici pour lire l&rsquo;article depuis sa source.<\/a><\/p>\n","protected":false},"excerpt":{"rendered":"<p>Le proc\u00e8s de Karim Tabbou, qui devait se tenir ce lundi, au tribunal du Kol\u00e9a, a \u00e9t\u00e9 report\u00e9 au 6 avril prochain, \u00e0 la demande du collectif des avocats de la d\u00e9fense, a annonc\u00e9 le Comit\u00e9 national pour la lib\u00e9ration des d\u00e9tenus (CNLD). Il s&rsquo;agit de la premi\u00e8re affaire du coordinateur de l\u2019UDS pour laquelle [&hellip;]<\/p>\n","protected":false},"author":1742,"featured_media":0,"comment_status":"closed","ping_status":"closed","sticky":false,"template":"","format":"standard","meta":{"fifu_image_url":"","fifu_image_alt":"","footnotes":""},"categories":[73,53],"tags":[],"class_list":["post-79840","post","type-post","status-publish","format-standard","hentry","category-actualite","category-algerie"],"_links":{"self":[{"href":"https:\/\/linitiative.ca\/International\/wp-json\/wp\/v2\/posts\/79840","targetHints":{"allow":["GET"]}}],"collection":[{"href":"https:\/\/linitiative.ca\/International\/wp-json\/wp\/v2\/posts"}],"about":[{"href":"https:\/\/linitiative.ca\/International\/wp-json\/wp\/v2\/types\/post"}],"author":[{"embeddable":true,"href":"https:\/\/linitiative.ca\/International\/wp-json\/wp\/v2\/users\/1742"}],"replies":[{"embeddable":true,"href":"https:\/\/linitiative.ca\/International\/wp-json\/wp\/v2\/comments?post=79840"}],"version-history":[{"count":0,"href":"https:\/\/linitiative.ca\/International\/wp-json\/wp\/v2\/posts\/79840\/revisions"}],"wp:attachment":[{"href":"https:\/\/linitiative.ca\/International\/wp-json\/wp\/v2\/media?parent=79840"}],"wp:term":[{"taxonomy":"category","embeddable":true,"href":"https:\/\/linitiative.ca\/International\/wp-json\/wp\/v2\/categories?post=79840"},{"taxonomy":"post_tag","embeddable":true,"href":"https:\/\/linitiative.ca\/International\/wp-json\/wp\/v2\/tags?post=79840"}],"curies":[{"name":"wp","href":"https:\/\/api.w.org\/{rel}","templated":true}]}}