{"id":79843,"date":"2020-03-23T11:00:34","date_gmt":"2020-03-23T15:00:34","guid":{"rendered":"https:\/\/linitiative.ca\/International\/contribution-a-loperation-denseignement-a-distance\/"},"modified":"2020-03-23T11:00:34","modified_gmt":"2020-03-23T15:00:34","slug":"contribution-a-loperation-denseignement-a-distance","status":"publish","type":"post","link":"https:\/\/linitiative.ca\/International\/contribution-a-loperation-denseignement-a-distance\/","title":{"rendered":"Contribution \u00e0 l\u2019op\u00e9ration d\u2019enseignement \u00e0 distance"},"content":{"rendered":"<div readability=\"36\">\n<p>Youssoufia \u2013 Le Groupe OCP \u00ab\u00a0Site Gantour\u00a0\u00bb \u00e0 Youssoufia apporte une contribution significative \u00e0 l\u2019op\u00e9ration d\u2019enseignement \u00e0 distance et aux efforts d\u00e9ploy\u00e9s pour garantir la continuit\u00e9 p\u00e9dagogique, conform\u00e9ment aux mesures adopt\u00e9es par le minist\u00e8re de l\u2019Education Nationale dans le cadre de la lutte contre la propagation du Covid-19.<\/p>\n<\/div>\n<div readability=\"92\">\n<p>Ainsi, l\u2019OCP a mis les \u00e9quipements et mat\u00e9riels de son \u00e9cole de formation aux m\u00e9tiers du num\u00e9rique \u00ab\u00a0YouCode\u00a0\u00bb \u00e0 la disposition de la Direction provinciale de l\u2019\u00e9ducation nationale \u00e0 Youssoufia, afin d\u2019assurer le succ\u00e8s de l\u2019op\u00e9ration de production des cours \u00e0 distance et, partant, de garantir la continuit\u00e9 p\u00e9dagogique.<\/p>\n<p>Dans ce sens, les cadres p\u00e9dagogiques des diff\u00e9rents cycles d\u2019enseignement \u00e0 Youssoufia ont entam\u00e9 l\u2019enregistrement des contenus num\u00e9riques, en utilisant la technique vid\u00e9o, au profit des \u00e9l\u00e8ves du tronc commun (fili\u00e8re des lettres et sciences humaines) et de la premi\u00e8re ann\u00e9e du baccalaur\u00e9at (branche des lettres et des sciences humaines et celle des sciences \u00e9conomiques et de gestion).<\/p>\n<p>Cette op\u00e9ration se poursuit avec l\u2019enregistrement de capsules portant sur les diff\u00e9rentes mati\u00e8res et qui seront diffus\u00e9es sur les plates-formes officielles, \u00e0 savoir le portail \u00e9lectronique \u00ab\u00a0Telmid TICE\u00a0\u00bb et la cha\u00eene de t\u00e9l\u00e9vision \u00ab\u00a0Arrabia\u00a0\u00bb.<\/p>\n<p>A cette occasion, le chef du service des affaires p\u00e9dagogiques et de la planification scolaire \u00e0 la Direction provinciale de l\u2019\u00e9ducation nationale, Boumehdi Baladi, a expliqu\u00e9 que cette op\u00e9ration s\u2019inscrit dans le cadre du partenariat entre l\u2019OCP et l\u2019Acad\u00e9mie R\u00e9gionale de l\u2019\u00e9ducation et de la formation (AREF) de Marrakech-Safi, portant sur la production de contenus num\u00e9riques sous forme de cours et de vid\u00e9os \u00e0 diffuser via le portail \u00e9lectronique \u00ab\u00a0Telmid TICE\u00a0\u00bb et la cha\u00eene de t\u00e9l\u00e9vision \u00ab\u00a0Arrabia\u00a0\u00bb.<\/p>\n<p>Dans une d\u00e9claration \u00e0 la presse, M. Baladi a indiqu\u00e9 que la Direction provinciale de l\u2019Education nationale a mobilis\u00e9, \u00e0 cet effet, une \u00e9quipe compos\u00e9e d\u2019un staff p\u00e9dagogique et technique, avec le soutien de cadres p\u00e9dagogiques de l\u2019\u00e9cole \u00ab\u00a0YouCode\u00a0\u00bb, en vue d\u2019assurer la continuit\u00e9 p\u00e9dagogique et la pr\u00e9paration d\u2019un maximum de cours \u00e0 distance au profit des \u00e9l\u00e8ves dans cette conjoncture exceptionnelle que traverse le Royaume.<\/p>\n<p>De son c\u00f4t\u00e9, Mehdi Sekkaki, enseignant en cycle primaire et membre de l\u2019\u00e9quipe du programme \u00ab\u00a0G\u00e9nie\u00a0\u00bb, a relev\u00e9 que cette op\u00e9ration pr\u00e9voit, dans une premi\u00e8re phase, la r\u00e9alisation de vid\u00e9os et leur renvoi au minist\u00e8re de tutelle afin de les diffuser sur les plateformes officielles d\u00e9di\u00e9es \u00e0 l\u2019enseignement \u00e0 distance.<\/p>\n<p>Et d\u2019ajouter, dans une d\u00e9claration similaire, que les cadres p\u00e9dagogiques et techniques sont mobilis\u00e9s afin de veiller \u00e0 la r\u00e9ussite de cette mission, en oeuvrant \u00e0 produire des ressources num\u00e9riques avec la qualit\u00e9 requise.<\/p>\n<p>Ces initiatives s\u2019inscrivent dans le cadre des efforts d\u00e9ploy\u00e9s par l\u2019OCP-Site Gantour pour l\u2019accompagnement des mesures pr\u00e9ventives et des consignes d\u00e9cr\u00e9t\u00e9es par les pouvoirs publics afin d\u2019enrayer la propagation de la pand\u00e9mie du Covid-19.<\/p>\n<\/div>\n<p>Auteur: Meriem IGASS<br \/>\n<a href=\"http:\/\/www.mapmarrakech.ma\/fr\/contribution-a-loperation-denseignement-a-distance\/\">Cliquez ici pour lire l&rsquo;article depuis sa source.<\/a><\/p>\n","protected":false},"excerpt":{"rendered":"<p>Youssoufia \u2013 Le Groupe OCP \u00ab\u00a0Site Gantour\u00a0\u00bb \u00e0 Youssoufia apporte une contribution significative \u00e0 l\u2019op\u00e9ration d\u2019enseignement \u00e0 distance et aux efforts d\u00e9ploy\u00e9s pour garantir la continuit\u00e9 p\u00e9dagogique, conform\u00e9ment aux mesures adopt\u00e9es par le minist\u00e8re de l\u2019Education Nationale dans le cadre de la lutte contre la propagation du Covid-19. Ainsi, l\u2019OCP a mis les \u00e9quipements et [&hellip;]<\/p>\n","protected":false},"author":1788,"featured_media":0,"comment_status":"closed","ping_status":"closed","sticky":false,"template":"","format":"standard","meta":{"fifu_image_url":"","fifu_image_alt":"","footnotes":""},"categories":[54,76],"tags":[],"class_list":["post-79843","post","type-post","status-publish","format-standard","hentry","category-maroc","category-regions"],"_links":{"self":[{"href":"https:\/\/linitiative.ca\/International\/wp-json\/wp\/v2\/posts\/79843","targetHints":{"allow":["GET"]}}],"collection":[{"href":"https:\/\/linitiative.ca\/International\/wp-json\/wp\/v2\/posts"}],"about":[{"href":"https:\/\/linitiative.ca\/International\/wp-json\/wp\/v2\/types\/post"}],"author":[{"embeddable":true,"href":"https:\/\/linitiative.ca\/International\/wp-json\/wp\/v2\/users\/1788"}],"replies":[{"embeddable":true,"href":"https:\/\/linitiative.ca\/International\/wp-json\/wp\/v2\/comments?post=79843"}],"version-history":[{"count":0,"href":"https:\/\/linitiative.ca\/International\/wp-json\/wp\/v2\/posts\/79843\/revisions"}],"wp:attachment":[{"href":"https:\/\/linitiative.ca\/International\/wp-json\/wp\/v2\/media?parent=79843"}],"wp:term":[{"taxonomy":"category","embeddable":true,"href":"https:\/\/linitiative.ca\/International\/wp-json\/wp\/v2\/categories?post=79843"},{"taxonomy":"post_tag","embeddable":true,"href":"https:\/\/linitiative.ca\/International\/wp-json\/wp\/v2\/tags?post=79843"}],"curies":[{"name":"wp","href":"https:\/\/api.w.org\/{rel}","templated":true}]}}