{"id":79847,"date":"2020-03-23T12:41:03","date_gmt":"2020-03-23T16:41:03","guid":{"rendered":"https:\/\/linitiative.ca\/International\/covid-19-fermeture-des-centres-commerciaux-a-partir-de-18h\/"},"modified":"2020-03-23T12:41:03","modified_gmt":"2020-03-23T16:41:03","slug":"covid-19-fermeture-des-centres-commerciaux-a-partir-de-18h","status":"publish","type":"post","link":"https:\/\/linitiative.ca\/International\/covid-19-fermeture-des-centres-commerciaux-a-partir-de-18h\/","title":{"rendered":"Covid-19: Fermeture des centres commerciaux \u00e0 partir de 18h"},"content":{"rendered":"<div class=\"single-featured\"><img alt=\"\" data-src=\"http:\/\/www.mapmarrakech.ma\/map\/uploads\/2020\/03\/horairescommerces-Essaouira-copier-2.jpg\"\/><\/div>\n<div class=\"single-post-excerpt post-excerpt-bc\" readability=\"33\">\n<p>Marrakech \u2013 Le Conseil communal de Marrakech a annonc\u00e9 la fermeture de tous les magasins et centres commerciaux \u00e0 partir de 18h.<\/p>\n<\/div>\n<div class=\"entry-content clearfix single-post-content\" readability=\"62\">\n<p>A cet effet, les commerces seront autoris\u00e9s \u00e0 ouvrir \u00e0 partir de 6h du matin et \u00e0 fermer \u00e0 18h, selon une d\u00e9cision du pr\u00e9sident du Conseil communal de Marrakech, Mohamed Larbi Belcaid.<\/p>\n<p>Il s\u2019agit notamment des boulangeries et p\u00e2tisseries, des \u00e9piceries, des magasins d\u2019alimentation g\u00e9n\u00e9rale, des boucheries et magasins de vente de poulet, des poissonneries, des magasins de vente de l\u00e9gumes et fruits et de c\u00e9r\u00e9ales, des magasins de vente d\u2019engrais, de pesticides, d\u2019\u00e9quipements agricoles et de fourrages et des magasins de vente des d\u00e9tergents et produits de nettoyage.<\/p>\n<p>A cette occasion, M. Belcaid a exhort\u00e9 les propri\u00e9taires de ces magasins \u00e0 respecter scrupuleusement cette d\u00e9cision temporaire et exceptionnelle, qui restera en vigueur jusqu\u2019\u00e0 la lev\u00e9e de l\u2019\u00e9tat d\u2019urgence sanitaire d\u00e9cr\u00e9t\u00e9 par les autorit\u00e9s comp\u00e9tentes dans le but d\u2019enrayer la propagation de la pand\u00e9mie du coronavirus.<\/p>\n<p>Cette d\u00e9cision s\u2019inscrit dans le cadre de la mobilisation totale de l\u2019ensemble des institutions \u00e9tatiques, en adoptant une approche proactive pour lutter contre la propagation du Covid-19 et pr\u00e9server la sant\u00e9 et la s\u00e9curit\u00e9 publique des citoyens, rappelle-t-on.<\/p>\n<\/div>\n<p>Auteur: Meriem IGASS<br \/>\n<a href=\"http:\/\/www.mapmarrakech.ma\/fr\/covid-19-fermeture-des-centres-commerciaux-a-partir-de-18h\/\">Cliquez ici pour lire l&rsquo;article depuis sa source.<\/a><\/p>\n","protected":false},"excerpt":{"rendered":"<p>Marrakech \u2013 Le Conseil communal de Marrakech a annonc\u00e9 la fermeture de tous les magasins et centres commerciaux \u00e0 partir de 18h. A cet effet, les commerces seront autoris\u00e9s \u00e0 ouvrir \u00e0 partir de 6h du matin et \u00e0 fermer \u00e0 18h, selon une d\u00e9cision du pr\u00e9sident du Conseil communal de Marrakech, Mohamed Larbi Belcaid. [&hellip;]<\/p>\n","protected":false},"author":1788,"featured_media":79848,"comment_status":"closed","ping_status":"closed","sticky":false,"template":"","format":"standard","meta":{"fifu_image_url":"","fifu_image_alt":"","footnotes":""},"categories":[54,76],"tags":[],"class_list":["post-79847","post","type-post","status-publish","format-standard","has-post-thumbnail","hentry","category-maroc","category-regions"],"_links":{"self":[{"href":"https:\/\/linitiative.ca\/International\/wp-json\/wp\/v2\/posts\/79847","targetHints":{"allow":["GET"]}}],"collection":[{"href":"https:\/\/linitiative.ca\/International\/wp-json\/wp\/v2\/posts"}],"about":[{"href":"https:\/\/linitiative.ca\/International\/wp-json\/wp\/v2\/types\/post"}],"author":[{"embeddable":true,"href":"https:\/\/linitiative.ca\/International\/wp-json\/wp\/v2\/users\/1788"}],"replies":[{"embeddable":true,"href":"https:\/\/linitiative.ca\/International\/wp-json\/wp\/v2\/comments?post=79847"}],"version-history":[{"count":0,"href":"https:\/\/linitiative.ca\/International\/wp-json\/wp\/v2\/posts\/79847\/revisions"}],"wp:featuredmedia":[{"embeddable":true,"href":"https:\/\/linitiative.ca\/International\/wp-json\/"}],"wp:attachment":[{"href":"https:\/\/linitiative.ca\/International\/wp-json\/wp\/v2\/media?parent=79847"}],"wp:term":[{"taxonomy":"category","embeddable":true,"href":"https:\/\/linitiative.ca\/International\/wp-json\/wp\/v2\/categories?post=79847"},{"taxonomy":"post_tag","embeddable":true,"href":"https:\/\/linitiative.ca\/International\/wp-json\/wp\/v2\/tags?post=79847"}],"curies":[{"name":"wp","href":"https:\/\/api.w.org\/{rel}","templated":true}]}}