{"id":79849,"date":"2020-03-23T12:51:00","date_gmt":"2020-03-23T16:51:00","guid":{"rendered":"https:\/\/linitiative.ca\/International\/fermeture-jusqua-nouvel-ordre-des-souks-hebdomadaires\/"},"modified":"2020-03-23T12:51:00","modified_gmt":"2020-03-23T16:51:00","slug":"fermeture-jusqua-nouvel-ordre-des-souks-hebdomadaires","status":"publish","type":"post","link":"https:\/\/linitiative.ca\/International\/fermeture-jusqua-nouvel-ordre-des-souks-hebdomadaires\/","title":{"rendered":"Fermeture jusqu\u2019\u00e0 nouvel ordre des souks hebdomadaires"},"content":{"rendered":"<div class=\"single-featured\"><img alt=\"\" data-src=\"http:\/\/www.mapmarrakech.ma\/map\/uploads\/2020\/03\/souks-copier.jpg\"\/><\/div>\n<div class=\"single-post-excerpt post-excerpt-bc\" readability=\"35\">\n<p>Safi \u2013 Les pr\u00e9sidents des collectivit\u00e9s territoriales relevant de la province de Safi ont d\u00e9cid\u00e9 la fermeture jusqu\u2019\u00e0 nouvel ordre des souks hebdomadaires et march\u00e9s aux puces et ce, en application des mesures pr\u00e9ventives pour enrayer la propagation du nouveau coronavirus (Covid-19).<\/p>\n<\/div>\n<div class=\"entry-content clearfix single-post-content\" readability=\"65\">\n<p>Ces d\u00e9cisions de fermeture, qui s\u2019inscrivent dans le cadre de l\u2019\u00e9lan de mobilisation g\u00e9n\u00e9rale auquel ont adh\u00e9r\u00e9 toutes les institutions de l\u2019Etat, interviennent dans le sillage des directives \u00e9mises par les autorit\u00e9s comp\u00e9tentes et de l\u2019approche proactive men\u00e9e pour faire face au Covid-19 et endiguer sa propagation en vue d\u2019assurer la s\u00e9curit\u00e9 sanitaire de l\u2019ensemble des citoyennes et citoyens.<\/p>\n<p>Elles concernent les souks hebdomadaires de \u00ab\u00a0Sebt Gzoula\u00a0\u00bb, de \u00ab\u00a0Jamaat S\u2019haim\u00a0\u00bb, de \u00ab\u00a0Had Hrara\u00a0\u00bb relevant de la commune de Hrara, \u00ab\u00a0Had Al Machrek\u00a0\u00bb (commune d\u2019Ouled Salmane), de \u00ab\u00a0Tnin El Ghiate\u00a0\u00bb (commune d\u2019El Ghiate) et de \u00ab\u00a0Tlat Bouguedra\u00a0\u00bb (commune de Bouguedra).<\/p>\n<p>Les fermetures portent aussi sur les souks de \u00ab\u00a0Arbaa Moul El Bergui\u00a0\u00bb relevant de la commune de Moul El Bergui, de \u00ab\u00a0Arbaa Loulad\u00a0\u00bb (commune de Saadla), de \u00ab\u00a0Khmis El Kantra\u00a0\u00bb (commune de Khat Azakane), de \u00ab\u00a0Khmis Oulad Lhaj\u00a0\u00bb (commune de Lamaachate) et de \u00ab\u00a0Had Labkhati\u00a0\u00bb relevant de la commune de Labkhati.<\/p>\n<p>L\u2019ex\u00e9cution de ces d\u00e9cisions a \u00e9t\u00e9 confi\u00e9e aux repr\u00e9sentants de l\u2019autorit\u00e9 locale et aux services de la S\u00fbret\u00e9 Nationale, de la police administrative communale et des collectivit\u00e9s de la province de Safi, chacun en fonction de ses pr\u00e9rogatives respectives.<\/p>\n<p>Ces d\u00e9cisions, prises conform\u00e9ment aux lois en vigueur, sont \u00ab\u00a0temporaires et exceptionnelles\u00a0\u00bb et peuvent \u00eatre annul\u00e9es en l\u2019absence des conditions de leur mise en application.<\/p>\n<\/div>\n<p>Auteur: Meriem IGASS<br \/>\n<a href=\"http:\/\/www.mapmarrakech.ma\/fr\/fermeture-jusqua-nouvel-ordre-des-souks-hebdomadaires\/\">Cliquez ici pour lire l&rsquo;article depuis sa source.<\/a><\/p>\n","protected":false},"excerpt":{"rendered":"<p>Safi \u2013 Les pr\u00e9sidents des collectivit\u00e9s territoriales relevant de la province de Safi ont d\u00e9cid\u00e9 la fermeture jusqu\u2019\u00e0 nouvel ordre des souks hebdomadaires et march\u00e9s aux puces et ce, en application des mesures pr\u00e9ventives pour enrayer la propagation du nouveau coronavirus (Covid-19). Ces d\u00e9cisions de fermeture, qui s\u2019inscrivent dans le cadre de l\u2019\u00e9lan de mobilisation [&hellip;]<\/p>\n","protected":false},"author":1788,"featured_media":79850,"comment_status":"closed","ping_status":"closed","sticky":false,"template":"","format":"standard","meta":{"fifu_image_url":"","fifu_image_alt":"","footnotes":""},"categories":[54,76],"tags":[],"class_list":["post-79849","post","type-post","status-publish","format-standard","has-post-thumbnail","hentry","category-maroc","category-regions"],"_links":{"self":[{"href":"https:\/\/linitiative.ca\/International\/wp-json\/wp\/v2\/posts\/79849","targetHints":{"allow":["GET"]}}],"collection":[{"href":"https:\/\/linitiative.ca\/International\/wp-json\/wp\/v2\/posts"}],"about":[{"href":"https:\/\/linitiative.ca\/International\/wp-json\/wp\/v2\/types\/post"}],"author":[{"embeddable":true,"href":"https:\/\/linitiative.ca\/International\/wp-json\/wp\/v2\/users\/1788"}],"replies":[{"embeddable":true,"href":"https:\/\/linitiative.ca\/International\/wp-json\/wp\/v2\/comments?post=79849"}],"version-history":[{"count":0,"href":"https:\/\/linitiative.ca\/International\/wp-json\/wp\/v2\/posts\/79849\/revisions"}],"wp:featuredmedia":[{"embeddable":true,"href":"https:\/\/linitiative.ca\/International\/wp-json\/"}],"wp:attachment":[{"href":"https:\/\/linitiative.ca\/International\/wp-json\/wp\/v2\/media?parent=79849"}],"wp:term":[{"taxonomy":"category","embeddable":true,"href":"https:\/\/linitiative.ca\/International\/wp-json\/wp\/v2\/categories?post=79849"},{"taxonomy":"post_tag","embeddable":true,"href":"https:\/\/linitiative.ca\/International\/wp-json\/wp\/v2\/tags?post=79849"}],"curies":[{"name":"wp","href":"https:\/\/api.w.org\/{rel}","templated":true}]}}