{"id":79852,"date":"2020-03-23T04:07:40","date_gmt":"2020-03-23T08:07:40","guid":{"rendered":"https:\/\/linitiative.ca\/International\/etusa-un-programme-de-transport-special-au-profit-du-personnel-de-la-sante-a-alger\/"},"modified":"2020-03-23T04:07:40","modified_gmt":"2020-03-23T08:07:40","slug":"etusa-un-programme-de-transport-special-au-profit-du-personnel-de-la-sante-a-alger","status":"publish","type":"post","link":"https:\/\/linitiative.ca\/International\/etusa-un-programme-de-transport-special-au-profit-du-personnel-de-la-sante-a-alger\/","title":{"rendered":"ETUSA: un programme de transport sp\u00e9cial au profit du personnel de la sant\u00e9 \u00e0 Alger"},"content":{"rendered":"<div readability=\"36\">\n<p><strong>ALGER &#8211; L&rsquo;ETUSA organise \u00e0 partir de lundi un programme sp\u00e9cial de transport du personnel de la sant\u00e9 et param\u00e9dical des h\u00f4pitaux de la wilaya d&rsquo;Alger et ce dans le cadre des mesures d&rsquo;urgences visant l&rsquo;organisation du transport du personnel de la sant\u00e9 pendant cette phase de lutte contre le coronavirus, \u00e0 indiqu\u00e9 dimanche soir l&rsquo;entreprise dans un communiqu\u00e9.<\/strong><\/p>\n<\/div>\n<div readability=\"63\">\n<p>\u00ab\u00a0L&rsquo;ETUSA informe l&rsquo;ensemble du personnel des structures m\u00e9dicales qu&rsquo;un transport sp\u00e9cial est organis\u00e9 \u00e0 compter de demain 23 mars 2020 \u00e0 6h 00 du matin et ce conform\u00e9ment au plan de transport suivant:<\/p>\n<p>01\/Place du premier mai &#8211; ZERALDA\/DOUERA\/BIRTOUTA\/BARAKI\/EUCALYPTUS\/REGHAIA<\/p>\n<p>02\/ Place des martyres- ZERALDA par chevalley\/ZERALDA par staoueli\/DOUERA\/BIRTOUTA\/BARAKI\/EL HARRACHC par zemirli\/BADJARAH par parnet.<\/p>\n<p>03\/ Ben Aknoun- 1er MAI\/ZERALDA\/DOUERA par Baba hassen\/BARAKI\/BADJARRAH\/BIRTOUTA<\/p>\n<p>04\/ EL-harrach- 1er MAI\/ EUCALYPTUS\/BARAKI<\/p>\n<p>05\/ Ain Taya- ROUIBA-HUSSEIN DEY- 1ER MAI\/EL HARRACH\/ROUIBA PAR LA RN 05\/1ER MAI<\/p>\n<p>06\/ Eucalyptus- EL HARRACH 1ER MAI\/BEN AKNOUN<\/p>\n<p>07\/ Dergana- 1ER MAI\/EL HARRACH<\/p>\n<p>08\/ Zeralda- 1ER MAI\/BEN AKNOUN\/PLACE DES MARTYRES<\/p>\n<p>09\/ Rouiba- 1ER MAI\/ EL HARRACH<\/p>\n<p>10\/ Baraki- 1ER MAI.<\/p>\n<p>Pour la journ\u00e9e de demain les grandes stations d&rsquo;Alger seront desservies vers les structures de sante et un r\u00e9seau de correspondance sera organis\u00e9. Cette organisation mise en place par l&rsquo;ETUSA vise \u00e0 permettre \u00e0 l&rsquo;ensemble du personnel des h\u00f4pitaux de\u00a0 se rendre \u00e0 leurs lieux\u00a0 de travail et sera am\u00e9lior\u00e9e au courant de la journ\u00e9e.<\/p>\n<p>Pour faciliter la tache \u00e0 nos agents nous prions les utilisateurs de ce r\u00e9seau sp\u00e9cial de pr\u00e9senter une carte d&rsquo;identit\u00e9 professionnelle.<\/p>\n<p>Ce transport est strictement interdit aux autres usagers\u00a0\u00bb.<\/p>\n<\/div>\n<p>Auteur:<br \/>\n<a href=\"http:\/\/www.aps.dz\/regions\/103337-etusa-un-programme-de-transport-special-au-profit-du-personnel-de-la-sante-a-alger\">Cliquez ici pour lire l&rsquo;article depuis sa source.<\/a><\/p>\n","protected":false},"excerpt":{"rendered":"<p>ALGER &#8211; L&rsquo;ETUSA organise \u00e0 partir de lundi un programme sp\u00e9cial de transport du personnel de la sant\u00e9 et param\u00e9dical des h\u00f4pitaux de la wilaya d&rsquo;Alger et ce dans le cadre des mesures d&rsquo;urgences visant l&rsquo;organisation du transport du personnel de la sant\u00e9 pendant cette phase de lutte contre le coronavirus, \u00e0 indiqu\u00e9 dimanche soir [&hellip;]<\/p>\n","protected":false},"author":1790,"featured_media":0,"comment_status":"closed","ping_status":"closed","sticky":false,"template":"","format":"standard","meta":{"fifu_image_url":"","fifu_image_alt":"","footnotes":""},"categories":[53,76],"tags":[],"class_list":["post-79852","post","type-post","status-publish","format-standard","hentry","category-algerie","category-regions"],"_links":{"self":[{"href":"https:\/\/linitiative.ca\/International\/wp-json\/wp\/v2\/posts\/79852","targetHints":{"allow":["GET"]}}],"collection":[{"href":"https:\/\/linitiative.ca\/International\/wp-json\/wp\/v2\/posts"}],"about":[{"href":"https:\/\/linitiative.ca\/International\/wp-json\/wp\/v2\/types\/post"}],"author":[{"embeddable":true,"href":"https:\/\/linitiative.ca\/International\/wp-json\/wp\/v2\/users\/1790"}],"replies":[{"embeddable":true,"href":"https:\/\/linitiative.ca\/International\/wp-json\/wp\/v2\/comments?post=79852"}],"version-history":[{"count":0,"href":"https:\/\/linitiative.ca\/International\/wp-json\/wp\/v2\/posts\/79852\/revisions"}],"wp:attachment":[{"href":"https:\/\/linitiative.ca\/International\/wp-json\/wp\/v2\/media?parent=79852"}],"wp:term":[{"taxonomy":"category","embeddable":true,"href":"https:\/\/linitiative.ca\/International\/wp-json\/wp\/v2\/categories?post=79852"},{"taxonomy":"post_tag","embeddable":true,"href":"https:\/\/linitiative.ca\/International\/wp-json\/wp\/v2\/tags?post=79852"}],"curies":[{"name":"wp","href":"https:\/\/api.w.org\/{rel}","templated":true}]}}