{"id":79854,"date":"2020-03-23T07:50:54","date_gmt":"2020-03-23T11:50:54","guid":{"rendered":"https:\/\/linitiative.ca\/International\/allo-veille-un-call-center-mobilise-pour-filtrer-les-appels\/"},"modified":"2020-03-23T07:50:54","modified_gmt":"2020-03-23T11:50:54","slug":"allo-veille-un-call-center-mobilise-pour-filtrer-les-appels","status":"publish","type":"post","link":"https:\/\/linitiative.ca\/International\/allo-veille-un-call-center-mobilise-pour-filtrer-les-appels\/","title":{"rendered":"All\u00f4 Veille: Un call center mobilis\u00e9 pour filtrer les appels"},"content":{"rendered":"<div class=\"author\" readability=\"5.69491525424\">Par <a href=\"\/content\/ahlam-nazih\"> Ahlam NAZIH<\/a> <a href=\"\/node\/\"> <\/a> | Edition N\u00b0:5724 Le 23\/03\/2020 | Partager <\/div>\n<div class=\"body\">\n<div class=\"field field-name-body field-type-text-with-summary field-label-hidden\">\n<div class=\"field-items\" readability=\"11.5\">\n<div class=\"field-item even\" property=\"content:encoded\" readability=\"18\">\n<p class=\"rtejustify\">Pour son service All\u00f4 veille permettant d\u2019informer et d\u2019orienter les personnes soup\u00e7onnant une infection au Covid-19, le minist\u00e8re de la Sant\u00e9 ne peut prendre que 8 appels \u00e0 la fois. \u00abUn centre d\u2019appels, qui a propos\u00e9 ses services, nous a confirm\u00e9 que nous ne prenions que 15 \u00e0 20% des appels. Il sera donc question de passer par le call center pour filtrer les cas. Les plus s\u00e9rieux seront transf\u00e9r\u00e9s ensuite vers notre num\u00e9ro\u00bb, confie la direction de l\u2019\u00e9pid\u00e9miologie. Selon la direction, de nombreuses personnes appellent carr\u00e9ment pour des consultations en ligne, un soutien psychologique, ou encore, pour plaisanter.<\/p>\n<p class=\"rtejustify\"><em>A.Na<\/em><\/p>\n<p class=\"rtejustify\">\u00a0<\/p>\n<\/div>\n<\/div>\n<\/div>\n<\/div>\n<div class=\"eco-conseil\">\n<div class=\"view view-eco-conseil-16 view-id-eco_conseil_16 view-display-id-cookies view-dom-id-a9260ef08a002b19e4c73ec21b6d3528\">\n<div class=\"view-content\">\n<div id=\"views-bootstrap-grid-1\" class=\"views-bootstrap-grid-plugin-style\">\n<div class=\"row\">\n<div class=\" col-xs-12 col-lg-4\">\n<div class=\"row\">\n<div class=\"col col-xs-12 col-lg-12\">\n<div class=\"field-content\"><a href=\"\/article\/1059217-coronavirus-des-gens-dans-les-rues-malgre-les-restrictions-tanger\"><img loading=\"lazy\" decoding=\"async\" class=\"img-responsive\" typeof=\"foaf:Image\" src=\"https:\/\/www.leconomiste.com\/sites\/default\/files\/eco7\/public\/styles\/800x400\/public\/default_images\/default_une.jpg?itok=4jZlgnIZ\" width=\"660\" height=\"330\" alt=\"\"\/><\/a><\/div>\n<\/div>\n<div class=\" title_suite_2 col col-xs-12 col-lg-12\"> <a href=\"\/article\/1059217-coronavirus-des-gens-dans-les-rues-malgre-les-restrictions-tanger\"\/><span class=\"field-content\">Coronavirus: Des gens dans les rues malgr\u00e9 les restrictions \u00e0 Tanger<\/span><\/div>\n<\/div>\n<\/div>\n<div class=\" col-xs-12 col-lg-4\">\n<div class=\"row\">\n<div class=\"col col-xs-12 col-lg-12\">\n<div class=\"field-content\"><a href=\"\/article\/1059216-coronavirus-des-gens-dans-les-rues-malgre-les-restrictions-fes\"><img loading=\"lazy\" decoding=\"async\" class=\"img-responsive\" typeof=\"foaf:Image\" src=\"https:\/\/www.leconomiste.com\/sites\/default\/files\/eco7\/public\/styles\/800x400\/public\/default_images\/default_une.jpg?itok=4jZlgnIZ\" width=\"660\" height=\"330\" alt=\"\"\/><\/a><\/div>\n<\/div>\n<div class=\" title_suite_2 col col-xs-12 col-lg-12\"> <a href=\"\/article\/1059216-coronavirus-des-gens-dans-les-rues-malgre-les-restrictions-fes\"\/><span class=\"field-content\">Coronavirus: Des gens dans les rues malgr\u00e9 les restrictions \u00e0 F\u00e8s <\/span><\/div>\n<\/div>\n<\/div>\n<div class=\" col-xs-12 col-lg-4\">\n<div class=\"row\">\n<div class=\"col col-xs-12 col-lg-12\">\n<div class=\"field-content\"><a href=\"\/article\/1059215-circulation-libre-pour-les-journalistes\"><img loading=\"lazy\" decoding=\"async\" class=\"img-responsive\" typeof=\"foaf:Image\" src=\"https:\/\/www.leconomiste.com\/sites\/default\/files\/eco7\/public\/styles\/800x400\/public\/default_images\/default_une.jpg?itok=4jZlgnIZ\" width=\"660\" height=\"330\" alt=\"\"\/><\/a><\/div>\n<\/div>\n<div class=\" title_suite_2 col col-xs-12 col-lg-12\"> <a href=\"\/article\/1059215-circulation-libre-pour-les-journalistes\"\/><span class=\"field-content\">Circulation libre pour les journalistes<\/span><\/div>\n<\/div>\n<\/div>\n<\/div>\n<\/div>\n<\/div>\n<\/div>\n<\/div>\n<p>Auteur: hlafriqi<br \/>\n<a href=\"https:\/\/www.leconomiste.com\/article\/1059213-allo-veille-un-call-center-mobilise-pour-filtrer-les-appels\">Cliquez ici pour lire l&rsquo;article depuis sa source.<\/a><\/p>\n","protected":false},"excerpt":{"rendered":"<p>Par Ahlam NAZIH | Edition N\u00b0:5724 Le 23\/03\/2020 | Partager Pour son service All\u00f4 veille permettant d\u2019informer et d\u2019orienter les personnes soup\u00e7onnant une infection au Covid-19, le minist\u00e8re de la Sant\u00e9 ne peut prendre que 8 appels \u00e0 la fois. \u00abUn centre d\u2019appels, qui a propos\u00e9 ses services, nous a confirm\u00e9 que nous ne prenions [&hellip;]<\/p>\n","protected":false},"author":1763,"featured_media":0,"comment_status":"closed","ping_status":"closed","sticky":false,"template":"","format":"standard","meta":{"fifu_image_url":"","fifu_image_alt":"","footnotes":""},"categories":[78,54],"tags":[],"class_list":["post-79854","post","type-post","status-publish","format-standard","hentry","category-economie","category-maroc"],"_links":{"self":[{"href":"https:\/\/linitiative.ca\/International\/wp-json\/wp\/v2\/posts\/79854","targetHints":{"allow":["GET"]}}],"collection":[{"href":"https:\/\/linitiative.ca\/International\/wp-json\/wp\/v2\/posts"}],"about":[{"href":"https:\/\/linitiative.ca\/International\/wp-json\/wp\/v2\/types\/post"}],"author":[{"embeddable":true,"href":"https:\/\/linitiative.ca\/International\/wp-json\/wp\/v2\/users\/1763"}],"replies":[{"embeddable":true,"href":"https:\/\/linitiative.ca\/International\/wp-json\/wp\/v2\/comments?post=79854"}],"version-history":[{"count":0,"href":"https:\/\/linitiative.ca\/International\/wp-json\/wp\/v2\/posts\/79854\/revisions"}],"wp:attachment":[{"href":"https:\/\/linitiative.ca\/International\/wp-json\/wp\/v2\/media?parent=79854"}],"wp:term":[{"taxonomy":"category","embeddable":true,"href":"https:\/\/linitiative.ca\/International\/wp-json\/wp\/v2\/categories?post=79854"},{"taxonomy":"post_tag","embeddable":true,"href":"https:\/\/linitiative.ca\/International\/wp-json\/wp\/v2\/tags?post=79854"}],"curies":[{"name":"wp","href":"https:\/\/api.w.org\/{rel}","templated":true}]}}