{"id":79856,"date":"2020-03-23T07:53:36","date_gmt":"2020-03-23T11:53:36","guid":{"rendered":"https:\/\/linitiative.ca\/International\/circulation-libre-pour-les-journalistes\/"},"modified":"2020-03-23T07:53:36","modified_gmt":"2020-03-23T11:53:36","slug":"circulation-libre-pour-les-journalistes","status":"publish","type":"post","link":"https:\/\/linitiative.ca\/International\/circulation-libre-pour-les-journalistes\/","title":{"rendered":"Circulation libre pour les journalistes"},"content":{"rendered":"<div class=\"author\" readability=\"5.69491525424\">Par <a href=\"\/content\/nadia-salah\">Nadia SALAH<\/a> <a href=\"\/node\/\"> <\/a> | Edition N\u00b0:5724 Le 23\/03\/2020 | Partager <\/div>\n<div class=\"body\">\n<div class=\"field field-name-body field-type-text-with-summary field-label-hidden\">\n<div class=\"field-items\" readability=\"9\">\n<div class=\"field-item even\" property=\"content:encoded\" readability=\"13\">\n<p class=\"rtejustify\">Le Conseil national de la Presse a annonc\u00e9 officiellement que les journalistes professionnels pourront continuer \u00e0 se d\u00e9placer. Ce service au public n\u2019avait pas \u00e9t\u00e9 inscrit dans la premi\u00e8re liste des professions devant continuer \u00e0 travailler (magasins d\u2019alimentation, sant\u00e9\u2026) et donc autoris\u00e9es \u00e0 circuler.\u00a0 Les n\u00e9gociations entre le CNP et le minist\u00e8re de l\u2019int\u00e9rieur (DGSN) se sont termin\u00e9es samedi apr\u00e8s-midi. A l\u2019heure o\u00f9 nous mettons sous presse aucun journal, ni journaliste n\u2019a signal\u00e9 de difficult\u00e9s pour appliquer ces dispositions sp\u00e9cifiques, li\u00e9es \u00e0 l\u2019importance de la bonne information dans la vie d\u2019un pays.<\/p>\n<p class=\"rtejustify\"><em>N.S.<\/em><\/p>\n<\/div>\n<\/div>\n<\/div>\n<\/div>\n<div class=\"eco-conseil\">\n<div class=\"view view-eco-conseil-16 view-id-eco_conseil_16 view-display-id-cookies view-dom-id-5cb86523ecc36f095ab8511d89d8e2da\">\n<div class=\"view-content\">\n<div id=\"views-bootstrap-grid-1\" class=\"views-bootstrap-grid-plugin-style\">\n<div class=\"row\">\n<div class=\" col-xs-12 col-lg-4\">\n<div class=\"row\">\n<div class=\"col col-xs-12 col-lg-12\">\n<div class=\"field-content\"><a href=\"\/article\/1059217-coronavirus-des-gens-dans-les-rues-malgre-les-restrictions-tanger\"><img loading=\"lazy\" decoding=\"async\" class=\"img-responsive\" typeof=\"foaf:Image\" src=\"https:\/\/www.leconomiste.com\/sites\/default\/files\/eco7\/public\/styles\/800x400\/public\/default_images\/default_une.jpg?itok=4jZlgnIZ\" width=\"660\" height=\"330\" alt=\"\"\/><\/a><\/div>\n<\/div>\n<div class=\" title_suite_2 col col-xs-12 col-lg-12\"> <a href=\"\/article\/1059217-coronavirus-des-gens-dans-les-rues-malgre-les-restrictions-tanger\"\/><span class=\"field-content\">Coronavirus: Des gens dans les rues malgr\u00e9 les restrictions \u00e0 Tanger<\/span><\/div>\n<\/div>\n<\/div>\n<div class=\" col-xs-12 col-lg-4\">\n<div class=\"row\">\n<div class=\"col col-xs-12 col-lg-12\">\n<div class=\"field-content\"><a href=\"\/article\/1059216-coronavirus-des-gens-dans-les-rues-malgre-les-restrictions-fes\"><img loading=\"lazy\" decoding=\"async\" class=\"img-responsive\" typeof=\"foaf:Image\" src=\"https:\/\/www.leconomiste.com\/sites\/default\/files\/eco7\/public\/styles\/800x400\/public\/default_images\/default_une.jpg?itok=4jZlgnIZ\" width=\"660\" height=\"330\" alt=\"\"\/><\/a><\/div>\n<\/div>\n<div class=\" title_suite_2 col col-xs-12 col-lg-12\"> <a href=\"\/article\/1059216-coronavirus-des-gens-dans-les-rues-malgre-les-restrictions-fes\"\/><span class=\"field-content\">Coronavirus: Des gens dans les rues malgr\u00e9 les restrictions \u00e0 F\u00e8s <\/span><\/div>\n<\/div>\n<\/div>\n<div class=\" col-xs-12 col-lg-4\">\n<div class=\"row\">\n<div class=\"col col-xs-12 col-lg-12\">\n<div class=\"field-content\"><a href=\"\/article\/1059214-coronavirus-les-hoteliers-la-rescousse\"><img loading=\"lazy\" decoding=\"async\" class=\"img-responsive\" typeof=\"foaf:Image\" src=\"https:\/\/www.leconomiste.com\/sites\/default\/files\/eco7\/public\/styles\/800x400\/public\/default_images\/default_une.jpg?itok=4jZlgnIZ\" width=\"660\" height=\"330\" alt=\"\"\/><\/a><\/div>\n<\/div>\n<div class=\" title_suite_2 col col-xs-12 col-lg-12\"> <a href=\"\/article\/1059214-coronavirus-les-hoteliers-la-rescousse\"\/><span class=\"field-content\">Coronavirus: Les h\u00f4teliers \u00e0 la rescousse<\/span><\/div>\n<\/div>\n<\/div>\n<\/div>\n<\/div>\n<\/div>\n<\/div>\n<\/div>\n<p>Auteur: hlafriqi<br \/>\n<a href=\"https:\/\/www.leconomiste.com\/article\/1059215-circulation-libre-pour-les-journalistes\">Cliquez ici pour lire l&rsquo;article depuis sa source.<\/a><\/p>\n","protected":false},"excerpt":{"rendered":"<p>Par Nadia SALAH | Edition N\u00b0:5724 Le 23\/03\/2020 | Partager Le Conseil national de la Presse a annonc\u00e9 officiellement que les journalistes professionnels pourront continuer \u00e0 se d\u00e9placer. Ce service au public n\u2019avait pas \u00e9t\u00e9 inscrit dans la premi\u00e8re liste des professions devant continuer \u00e0 travailler (magasins d\u2019alimentation, sant\u00e9\u2026) et donc autoris\u00e9es \u00e0 circuler.\u00a0 Les [&hellip;]<\/p>\n","protected":false},"author":1763,"featured_media":0,"comment_status":"closed","ping_status":"closed","sticky":false,"template":"","format":"standard","meta":{"fifu_image_url":"","fifu_image_alt":"","footnotes":""},"categories":[78,54],"tags":[],"class_list":["post-79856","post","type-post","status-publish","format-standard","hentry","category-economie","category-maroc"],"_links":{"self":[{"href":"https:\/\/linitiative.ca\/International\/wp-json\/wp\/v2\/posts\/79856","targetHints":{"allow":["GET"]}}],"collection":[{"href":"https:\/\/linitiative.ca\/International\/wp-json\/wp\/v2\/posts"}],"about":[{"href":"https:\/\/linitiative.ca\/International\/wp-json\/wp\/v2\/types\/post"}],"author":[{"embeddable":true,"href":"https:\/\/linitiative.ca\/International\/wp-json\/wp\/v2\/users\/1763"}],"replies":[{"embeddable":true,"href":"https:\/\/linitiative.ca\/International\/wp-json\/wp\/v2\/comments?post=79856"}],"version-history":[{"count":0,"href":"https:\/\/linitiative.ca\/International\/wp-json\/wp\/v2\/posts\/79856\/revisions"}],"wp:attachment":[{"href":"https:\/\/linitiative.ca\/International\/wp-json\/wp\/v2\/media?parent=79856"}],"wp:term":[{"taxonomy":"category","embeddable":true,"href":"https:\/\/linitiative.ca\/International\/wp-json\/wp\/v2\/categories?post=79856"},{"taxonomy":"post_tag","embeddable":true,"href":"https:\/\/linitiative.ca\/International\/wp-json\/wp\/v2\/tags?post=79856"}],"curies":[{"name":"wp","href":"https:\/\/api.w.org\/{rel}","templated":true}]}}