{"id":79857,"date":"2020-03-23T07:54:44","date_gmt":"2020-03-23T11:54:44","guid":{"rendered":"https:\/\/linitiative.ca\/International\/coronavirus-des-gens-dans-les-rues-malgre-les-restrictions-a-fes\/"},"modified":"2020-03-23T07:54:44","modified_gmt":"2020-03-23T11:54:44","slug":"coronavirus-des-gens-dans-les-rues-malgre-les-restrictions-a-fes","status":"publish","type":"post","link":"https:\/\/linitiative.ca\/International\/coronavirus-des-gens-dans-les-rues-malgre-les-restrictions-a-fes\/","title":{"rendered":"Coronavirus: Des gens dans les rues malgr\u00e9 les restrictions \u00e0 F\u00e8s"},"content":{"rendered":"<div class=\"author\" readability=\"5.79310344828\">Par <a href=\"\/content\/jihad-rizk\">Jihad RIZK <\/a> <a href=\"\/node\/\"> <\/a> | Edition N\u00b0:5724 Le 23\/03\/2020 | Partager <\/div>\n<div class=\"body\">\n<div class=\"field field-name-body field-type-text-with-summary field-label-hidden\">\n<div class=\"field-items\" readability=\"15\">\n<div class=\"field-item even\" property=\"content:encoded\" readability=\"25\">\n<p class=\"rtejustify\">Plusieurs centaines de personnes ont d\u00e9fil\u00e9, dans la nuit de samedi \u00e0 dimanche, \u00e0 F\u00e8s (mais aussi \u00e0 Tanger, Sal\u00e9, Fnidek et d\u2019autres villes), malgr\u00e9 l\u2019\u00e9tat d\u2019urgence sanitaire. Ainsi, des gens ont brav\u00e9 le confinement, implorant le Tout puissant d\u2019\u00e9pargner la population du Coronavirus. Un comportement insouciant qui pourrait engendrer une contamination \u00e0 grande \u00e9chelle. Surtout que les \u00abmanifestants\u00bb ont d\u00e9ambul\u00e9 dans des quartiers (45, m\u00e9dina) \u00e0 forte densit\u00e9. \u00abMais, o\u00f9 \u00e9tait le dispositif s\u00e9curitaire et pourquoi il n\u2019y a pas eu d\u2019arrestation?\u00bb, s\u2019interroge-t-on. Et d\u2019ajouter : \u00abapr\u00e8s ces actes, que l\u2019on dit isol\u00e9s, l\u2019Etat ira-t-il vers un couvre-feu?\u00bb. En tout cas, les mesures de confinement devront se durcir. A l\u2019heure o\u00f9 nous mettions sous presse, d\u2019importantes d\u00e9cisions devaient \u00eatre annonc\u00e9es, surtout que la barre de 100 cas atteints \u00e9tait d\u00e9j\u00e0 d\u00e9pass\u00e9.<\/p>\n<p class=\"rtejustify\"><em>J.R.<\/em><\/p>\n<\/div>\n<\/div>\n<\/div>\n<\/div>\n<div class=\"eco-conseil\">\n<div class=\"view view-eco-conseil-16 view-id-eco_conseil_16 view-display-id-cookies view-dom-id-2badb4f75065bd728b51ff4151a910d4\">\n<div class=\"view-content\">\n<div id=\"views-bootstrap-grid-1\" class=\"views-bootstrap-grid-plugin-style\">\n<div class=\"row\">\n<div class=\" col-xs-12 col-lg-4\">\n<div class=\"row\">\n<div class=\"col col-xs-12 col-lg-12\">\n<div class=\"field-content\"><a href=\"\/article\/1059217-coronavirus-des-gens-dans-les-rues-malgre-les-restrictions-tanger\"><img loading=\"lazy\" decoding=\"async\" class=\"img-responsive\" typeof=\"foaf:Image\" src=\"https:\/\/www.leconomiste.com\/sites\/default\/files\/eco7\/public\/styles\/800x400\/public\/default_images\/default_une.jpg?itok=4jZlgnIZ\" width=\"660\" height=\"330\" alt=\"\"\/><\/a><\/div>\n<\/div>\n<div class=\" title_suite_2 col col-xs-12 col-lg-12\"> <a href=\"\/article\/1059217-coronavirus-des-gens-dans-les-rues-malgre-les-restrictions-tanger\"\/><span class=\"field-content\">Coronavirus: Des gens dans les rues malgr\u00e9 les restrictions \u00e0 Tanger<\/span><\/div>\n<\/div>\n<\/div>\n<div class=\" col-xs-12 col-lg-4\">\n<div class=\"row\">\n<div class=\"col col-xs-12 col-lg-12\">\n<div class=\"field-content\"><a href=\"\/article\/1059215-circulation-libre-pour-les-journalistes\"><img loading=\"lazy\" decoding=\"async\" class=\"img-responsive\" typeof=\"foaf:Image\" src=\"https:\/\/www.leconomiste.com\/sites\/default\/files\/eco7\/public\/styles\/800x400\/public\/default_images\/default_une.jpg?itok=4jZlgnIZ\" width=\"660\" height=\"330\" alt=\"\"\/><\/a><\/div>\n<\/div>\n<div class=\" title_suite_2 col col-xs-12 col-lg-12\"> <a href=\"\/article\/1059215-circulation-libre-pour-les-journalistes\"\/><span class=\"field-content\">Circulation libre pour les journalistes<\/span><\/div>\n<\/div>\n<\/div>\n<div class=\" col-xs-12 col-lg-4\">\n<div class=\"row\">\n<div class=\"col col-xs-12 col-lg-12\">\n<div class=\"field-content\"><a href=\"\/article\/1059214-coronavirus-les-hoteliers-la-rescousse\"><img loading=\"lazy\" decoding=\"async\" class=\"img-responsive\" typeof=\"foaf:Image\" src=\"https:\/\/www.leconomiste.com\/sites\/default\/files\/eco7\/public\/styles\/800x400\/public\/default_images\/default_une.jpg?itok=4jZlgnIZ\" width=\"660\" height=\"330\" alt=\"\"\/><\/a><\/div>\n<\/div>\n<div class=\" title_suite_2 col col-xs-12 col-lg-12\"> <a href=\"\/article\/1059214-coronavirus-les-hoteliers-la-rescousse\"\/><span class=\"field-content\">Coronavirus: Les h\u00f4teliers \u00e0 la rescousse<\/span><\/div>\n<\/div>\n<\/div>\n<\/div>\n<\/div>\n<\/div>\n<\/div>\n<\/div>\n<p>Auteur: hlafriqi<br \/>\n<a href=\"https:\/\/www.leconomiste.com\/article\/1059216-coronavirus-des-gens-dans-les-rues-malgre-les-restrictions-fes\">Cliquez ici pour lire l&rsquo;article depuis sa source.<\/a><\/p>\n","protected":false},"excerpt":{"rendered":"<p>Par Jihad RIZK | Edition N\u00b0:5724 Le 23\/03\/2020 | Partager Plusieurs centaines de personnes ont d\u00e9fil\u00e9, dans la nuit de samedi \u00e0 dimanche, \u00e0 F\u00e8s (mais aussi \u00e0 Tanger, Sal\u00e9, Fnidek et d\u2019autres villes), malgr\u00e9 l\u2019\u00e9tat d\u2019urgence sanitaire. Ainsi, des gens ont brav\u00e9 le confinement, implorant le Tout puissant d\u2019\u00e9pargner la population du Coronavirus. Un [&hellip;]<\/p>\n","protected":false},"author":1763,"featured_media":0,"comment_status":"closed","ping_status":"closed","sticky":false,"template":"","format":"standard","meta":{"fifu_image_url":"","fifu_image_alt":"","footnotes":""},"categories":[78,54],"tags":[],"class_list":["post-79857","post","type-post","status-publish","format-standard","hentry","category-economie","category-maroc"],"_links":{"self":[{"href":"https:\/\/linitiative.ca\/International\/wp-json\/wp\/v2\/posts\/79857","targetHints":{"allow":["GET"]}}],"collection":[{"href":"https:\/\/linitiative.ca\/International\/wp-json\/wp\/v2\/posts"}],"about":[{"href":"https:\/\/linitiative.ca\/International\/wp-json\/wp\/v2\/types\/post"}],"author":[{"embeddable":true,"href":"https:\/\/linitiative.ca\/International\/wp-json\/wp\/v2\/users\/1763"}],"replies":[{"embeddable":true,"href":"https:\/\/linitiative.ca\/International\/wp-json\/wp\/v2\/comments?post=79857"}],"version-history":[{"count":0,"href":"https:\/\/linitiative.ca\/International\/wp-json\/wp\/v2\/posts\/79857\/revisions"}],"wp:attachment":[{"href":"https:\/\/linitiative.ca\/International\/wp-json\/wp\/v2\/media?parent=79857"}],"wp:term":[{"taxonomy":"category","embeddable":true,"href":"https:\/\/linitiative.ca\/International\/wp-json\/wp\/v2\/categories?post=79857"},{"taxonomy":"post_tag","embeddable":true,"href":"https:\/\/linitiative.ca\/International\/wp-json\/wp\/v2\/tags?post=79857"}],"curies":[{"name":"wp","href":"https:\/\/api.w.org\/{rel}","templated":true}]}}