{"id":79858,"date":"2020-03-23T07:56:21","date_gmt":"2020-03-23T11:56:21","guid":{"rendered":"https:\/\/linitiative.ca\/International\/coronavirus-des-gens-dans-les-rues-malgre-les-restrictions-a-tanger\/"},"modified":"2020-03-23T07:56:21","modified_gmt":"2020-03-23T11:56:21","slug":"coronavirus-des-gens-dans-les-rues-malgre-les-restrictions-a-tanger","status":"publish","type":"post","link":"https:\/\/linitiative.ca\/International\/coronavirus-des-gens-dans-les-rues-malgre-les-restrictions-a-tanger\/","title":{"rendered":"Coronavirus: Des gens dans les rues malgr\u00e9 les restrictions \u00e0 Tanger"},"content":{"rendered":"<div class=\"author\" readability=\"5.79310344828\">Par <a href=\"\/content\/ali-abjiou\"> Ali ABJIOU<\/a> <a href=\"\/node\/\"> <\/a> | Edition N\u00b0:5724 Le 23\/03\/2020 | Partager <\/div>\n<div class=\"body\">\n<div class=\"field field-name-body field-type-text-with-summary field-label-hidden\">\n<div class=\"field-items\" readability=\"8.5\">\n<div class=\"field-item even\" property=\"content:encoded\" readability=\"12\">\n<p class=\"rtejustify\">Plusieurs dizaines de personnes ont brav\u00e9 les intemp\u00e9ries et le confinement sanitaire dans la nuit de samedi \u00e0 dimanche en organisant une mini-marche au centre-ville. Un comportement insouciant qui fait fi des consignes strictes de confinement pour \u00e9viter la propagation du coronavirus. Mais ces agissements, isol\u00e9s, ne font pas le poids devant les multiples actions citoyennes qui ont \u00e9t\u00e9 lanc\u00e9es par les jeunes de la ville comme celle des aides des plus d\u00e9munis ou des courses pour les personnes \u00e0 mobilit\u00e9 r\u00e9duite. C\u2019est le cas aussi de l\u2019initiative d\u2019un groupe de journalistes de la ville qui a enregistr\u00e9 une quarantaine de capsules informatives pour l\u2019enseignement \u00e0 distance mises \u00e0 la disposition du minist\u00e8re de l\u2019\u00e9ducation nationale.<\/p>\n<p class=\"rtejustify\"><em>A.A. <\/em><\/p>\n<\/div>\n<\/div>\n<\/div>\n<\/div>\n<div class=\"eco-conseil\">\n<div class=\"view view-eco-conseil-16 view-id-eco_conseil_16 view-display-id-cookies view-dom-id-edc784e1c6649bad6ada54433cd1e6d1\">\n<div class=\"view-content\">\n<div id=\"views-bootstrap-grid-1\" class=\"views-bootstrap-grid-plugin-style\">\n<div class=\"row\">\n<div class=\" col-xs-12 col-lg-4\">\n<div class=\"row\">\n<div class=\"col col-xs-12 col-lg-12\">\n<div class=\"field-content\"><a href=\"\/article\/1059216-coronavirus-des-gens-dans-les-rues-malgre-les-restrictions-fes\"><img loading=\"lazy\" decoding=\"async\" class=\"img-responsive\" typeof=\"foaf:Image\" src=\"https:\/\/www.leconomiste.com\/sites\/default\/files\/eco7\/public\/styles\/800x400\/public\/default_images\/default_une.jpg?itok=4jZlgnIZ\" width=\"660\" height=\"330\" alt=\"\"\/><\/a><\/div>\n<\/div>\n<div class=\" title_suite_2 col col-xs-12 col-lg-12\"> <a href=\"\/article\/1059216-coronavirus-des-gens-dans-les-rues-malgre-les-restrictions-fes\"\/><span class=\"field-content\">Coronavirus: Des gens dans les rues malgr\u00e9 les restrictions \u00e0 F\u00e8s <\/span><\/div>\n<\/div>\n<\/div>\n<div class=\" col-xs-12 col-lg-4\">\n<div class=\"row\">\n<div class=\"col col-xs-12 col-lg-12\">\n<div class=\"field-content\"><a href=\"\/article\/1059215-circulation-libre-pour-les-journalistes\"><img loading=\"lazy\" decoding=\"async\" class=\"img-responsive\" typeof=\"foaf:Image\" src=\"https:\/\/www.leconomiste.com\/sites\/default\/files\/eco7\/public\/styles\/800x400\/public\/default_images\/default_une.jpg?itok=4jZlgnIZ\" width=\"660\" height=\"330\" alt=\"\"\/><\/a><\/div>\n<\/div>\n<div class=\" title_suite_2 col col-xs-12 col-lg-12\"> <a href=\"\/article\/1059215-circulation-libre-pour-les-journalistes\"\/><span class=\"field-content\">Circulation libre pour les journalistes<\/span><\/div>\n<\/div>\n<\/div>\n<div class=\" col-xs-12 col-lg-4\">\n<div class=\"row\">\n<div class=\"col col-xs-12 col-lg-12\">\n<div class=\"field-content\"><a href=\"\/article\/1059214-coronavirus-les-hoteliers-la-rescousse\"><img loading=\"lazy\" decoding=\"async\" class=\"img-responsive\" typeof=\"foaf:Image\" src=\"https:\/\/www.leconomiste.com\/sites\/default\/files\/eco7\/public\/styles\/800x400\/public\/default_images\/default_une.jpg?itok=4jZlgnIZ\" width=\"660\" height=\"330\" alt=\"\"\/><\/a><\/div>\n<\/div>\n<div class=\" title_suite_2 col col-xs-12 col-lg-12\"> <a href=\"\/article\/1059214-coronavirus-les-hoteliers-la-rescousse\"\/><span class=\"field-content\">Coronavirus: Les h\u00f4teliers \u00e0 la rescousse<\/span><\/div>\n<\/div>\n<\/div>\n<\/div>\n<\/div>\n<\/div>\n<\/div>\n<\/div>\n<p>Auteur: hlafriqi<br \/>\n<a href=\"https:\/\/www.leconomiste.com\/article\/1059217-coronavirus-des-gens-dans-les-rues-malgre-les-restrictions-tanger\">Cliquez ici pour lire l&rsquo;article depuis sa source.<\/a><\/p>\n","protected":false},"excerpt":{"rendered":"<p>Par Ali ABJIOU | Edition N\u00b0:5724 Le 23\/03\/2020 | Partager Plusieurs dizaines de personnes ont brav\u00e9 les intemp\u00e9ries et le confinement sanitaire dans la nuit de samedi \u00e0 dimanche en organisant une mini-marche au centre-ville. Un comportement insouciant qui fait fi des consignes strictes de confinement pour \u00e9viter la propagation du coronavirus. Mais ces agissements, [&hellip;]<\/p>\n","protected":false},"author":1763,"featured_media":0,"comment_status":"closed","ping_status":"closed","sticky":false,"template":"","format":"standard","meta":{"fifu_image_url":"","fifu_image_alt":"","footnotes":""},"categories":[78,54],"tags":[],"class_list":["post-79858","post","type-post","status-publish","format-standard","hentry","category-economie","category-maroc"],"_links":{"self":[{"href":"https:\/\/linitiative.ca\/International\/wp-json\/wp\/v2\/posts\/79858","targetHints":{"allow":["GET"]}}],"collection":[{"href":"https:\/\/linitiative.ca\/International\/wp-json\/wp\/v2\/posts"}],"about":[{"href":"https:\/\/linitiative.ca\/International\/wp-json\/wp\/v2\/types\/post"}],"author":[{"embeddable":true,"href":"https:\/\/linitiative.ca\/International\/wp-json\/wp\/v2\/users\/1763"}],"replies":[{"embeddable":true,"href":"https:\/\/linitiative.ca\/International\/wp-json\/wp\/v2\/comments?post=79858"}],"version-history":[{"count":0,"href":"https:\/\/linitiative.ca\/International\/wp-json\/wp\/v2\/posts\/79858\/revisions"}],"wp:attachment":[{"href":"https:\/\/linitiative.ca\/International\/wp-json\/wp\/v2\/media?parent=79858"}],"wp:term":[{"taxonomy":"category","embeddable":true,"href":"https:\/\/linitiative.ca\/International\/wp-json\/wp\/v2\/categories?post=79858"},{"taxonomy":"post_tag","embeddable":true,"href":"https:\/\/linitiative.ca\/International\/wp-json\/wp\/v2\/tags?post=79858"}],"curies":[{"name":"wp","href":"https:\/\/api.w.org\/{rel}","templated":true}]}}