{"id":79859,"date":"2020-03-23T15:10:07","date_gmt":"2020-03-23T19:10:07","guid":{"rendered":"https:\/\/linitiative.ca\/International\/international-europe-une-baisse-des-salaires-envisagee-pour-lensemble-des-joueurs\/"},"modified":"2020-03-23T15:10:07","modified_gmt":"2020-03-23T19:10:07","slug":"international-europe-une-baisse-des-salaires-envisagee-pour-lensemble-des-joueurs","status":"publish","type":"post","link":"https:\/\/linitiative.ca\/International\/international-europe-une-baisse-des-salaires-envisagee-pour-lensemble-des-joueurs\/","title":{"rendered":"International : Europe : Une baisse des salaires envisag\u00e9e pour l&rsquo;ensemble des joueurs"},"content":{"rendered":"<div readability=\"32\">\n<p>Auteur : <span class=\"time\">lundi 23 mars 2020 12:13<\/span><\/p>\n<\/div>\n<div id=\"post_core\" readability=\"53\">\n<p>Cette situation contraint les instances dirigeantes \u00e0 prononcer la suspension des championnats. Un arr\u00eat des comp\u00e9tions qui pourrait provoquer une v\u00e9ritable catastrophe \u00e9conomique pour les clubs professionnels comme l&rsquo;indique Football.<\/p>\n<p>\u00ab\u00a0Sans aides de l\u2019\u00c9tat, d\u2019ici six mois, c\u2019est la moiti\u00e9 des clubs pro qui d\u00e9pose le bilan. Les cinq grands championnats europ\u00e9ens ont d\u00e9j\u00e0 perdu quatre milliards d\u2019euros, le championnat fran\u00e7ais entre 500 \u00e0 600 millions\u00a0\u00bb, a d\u2019ailleurs pr\u00e9venu Bernard Caiazzo, pr\u00e9sident du syndicat Premi\u00e8re Ligue.<\/p>\n<p>Une situation forc\u00e9ment inqui\u00e9tante qui a incit\u00e9, selon AS, l\u2019Association europ\u00e9enne des clubs (ECA) \u00e0 tenir une r\u00e9union exceptionnelle ce lundi \u2013 par visioconf\u00e9rence -afin d\u2019\u00e9voquer le probl\u00e8me. Mais les pistes pour endiguer les pertes ne sont pas nombreuses.<\/p>\n<p>La solution envisag\u00e9e par les membres de l\u2019ECA serait de prononcer une baisse g\u00e9n\u00e9ralis\u00e9e des salaires le temps de la crise.<\/p>\n<p><strong>Publi\u00e9 dans :<\/strong> <span>Europe<\/span><\/p>\n<\/div>\n<p>Auteur:<br \/>\n<a href=\"http:\/\/www.lebuteur.com\/article\/detail?titre=europe-une-baisse-des-salaires-envisagee-pour-lensemble-des-joueurs&#038;id=95401&#038;utm_source=feedburner&#038;utm_medium=feed&#038;utm_campaign=Feed%3A+GalerieFArtciles+%28Les+derniers+articles++-+lebuteur.com%29\">Cliquez ici pour lire l&rsquo;article depuis sa source.<\/a><\/p>\n","protected":false},"excerpt":{"rendered":"<p>Auteur : lundi 23 mars 2020 12:13 Cette situation contraint les instances dirigeantes \u00e0 prononcer la suspension des championnats. Un arr\u00eat des comp\u00e9tions qui pourrait provoquer une v\u00e9ritable catastrophe \u00e9conomique pour les clubs professionnels comme l&rsquo;indique Football. \u00ab\u00a0Sans aides de l\u2019\u00c9tat, d\u2019ici six mois, c\u2019est la moiti\u00e9 des clubs pro qui d\u00e9pose le bilan. Les [&hellip;]<\/p>\n","protected":false},"author":1738,"featured_media":79860,"comment_status":"closed","ping_status":"closed","sticky":false,"template":"","format":"standard","meta":{"fifu_image_url":"","fifu_image_alt":"","footnotes":""},"categories":[53,75],"tags":[],"class_list":["post-79859","post","type-post","status-publish","format-standard","has-post-thumbnail","hentry","category-algerie","category-sport"],"_links":{"self":[{"href":"https:\/\/linitiative.ca\/International\/wp-json\/wp\/v2\/posts\/79859","targetHints":{"allow":["GET"]}}],"collection":[{"href":"https:\/\/linitiative.ca\/International\/wp-json\/wp\/v2\/posts"}],"about":[{"href":"https:\/\/linitiative.ca\/International\/wp-json\/wp\/v2\/types\/post"}],"author":[{"embeddable":true,"href":"https:\/\/linitiative.ca\/International\/wp-json\/wp\/v2\/users\/1738"}],"replies":[{"embeddable":true,"href":"https:\/\/linitiative.ca\/International\/wp-json\/wp\/v2\/comments?post=79859"}],"version-history":[{"count":0,"href":"https:\/\/linitiative.ca\/International\/wp-json\/wp\/v2\/posts\/79859\/revisions"}],"wp:featuredmedia":[{"embeddable":true,"href":"https:\/\/linitiative.ca\/International\/wp-json\/"}],"wp:attachment":[{"href":"https:\/\/linitiative.ca\/International\/wp-json\/wp\/v2\/media?parent=79859"}],"wp:term":[{"taxonomy":"category","embeddable":true,"href":"https:\/\/linitiative.ca\/International\/wp-json\/wp\/v2\/categories?post=79859"},{"taxonomy":"post_tag","embeddable":true,"href":"https:\/\/linitiative.ca\/International\/wp-json\/wp\/v2\/tags?post=79859"}],"curies":[{"name":"wp","href":"https:\/\/api.w.org\/{rel}","templated":true}]}}