{"id":79861,"date":"2020-03-23T15:10:10","date_gmt":"2020-03-23T19:10:10","guid":{"rendered":"https:\/\/linitiative.ca\/International\/international-naples-un-accord-aurait-ete-trouve-pour-zielinski\/"},"modified":"2020-03-23T15:10:10","modified_gmt":"2020-03-23T19:10:10","slug":"international-naples-un-accord-aurait-ete-trouve-pour-zielinski","status":"publish","type":"post","link":"https:\/\/linitiative.ca\/International\/international-naples-un-accord-aurait-ete-trouve-pour-zielinski\/","title":{"rendered":"International : Naples : un accord aurait \u00e9t\u00e9 trouv\u00e9 pour Zielinski"},"content":{"rendered":"<div readability=\"32\">\n<p>Auteur : <span class=\"time\">lundi 23 mars 2020 14:00<\/span><\/p>\n<\/div>\n<div id=\"post_core\" readability=\"40\">\n<p>Sous contrat jusqu\u2019en juin 2021, le milieu de terrain Piotr Zielinski a \u00e9t\u00e9 dur en affaire mais aujourd\u2019hui les n\u00e9gociations ont port\u00e9 leurs fruits. Selon Les-Transferts, l\u2019international polonais aurait dit oui pour prolonger son bail avec les Napolitains. Une fois que le football aura repris ses droits, il signera un nouveau contrat de trois ans soit jusqu\u2019en juin 2024. Une mauvaise nouvelle pour Everton qui \u00e9tait pr\u00eat \u00e0 d\u00e9bourser 35 millions d\u2019euros sur ce dossier.<\/p>\n<p><strong>Publi\u00e9 dans :<\/strong> <span>Naples : Piotr Zielinski<\/span><\/p>\n<\/div>\n<p>Auteur:<br \/>\n<a href=\"http:\/\/www.lebuteur.com\/article\/detail?titre=naples-un-accord-aurait-ete-trouve-pour-zielinski&#038;id=95402&#038;utm_source=feedburner&#038;utm_medium=feed&#038;utm_campaign=Feed%3A+GalerieFArtciles+%28Les+derniers+articles++-+lebuteur.com%29\">Cliquez ici pour lire l&rsquo;article depuis sa source.<\/a><\/p>\n","protected":false},"excerpt":{"rendered":"<p>Auteur : lundi 23 mars 2020 14:00 Sous contrat jusqu\u2019en juin 2021, le milieu de terrain Piotr Zielinski a \u00e9t\u00e9 dur en affaire mais aujourd\u2019hui les n\u00e9gociations ont port\u00e9 leurs fruits. Selon Les-Transferts, l\u2019international polonais aurait dit oui pour prolonger son bail avec les Napolitains. Une fois que le football aura repris ses droits, il [&hellip;]<\/p>\n","protected":false},"author":1738,"featured_media":79862,"comment_status":"closed","ping_status":"closed","sticky":false,"template":"","format":"standard","meta":{"fifu_image_url":"","fifu_image_alt":"","footnotes":""},"categories":[53,75],"tags":[],"class_list":["post-79861","post","type-post","status-publish","format-standard","has-post-thumbnail","hentry","category-algerie","category-sport"],"_links":{"self":[{"href":"https:\/\/linitiative.ca\/International\/wp-json\/wp\/v2\/posts\/79861","targetHints":{"allow":["GET"]}}],"collection":[{"href":"https:\/\/linitiative.ca\/International\/wp-json\/wp\/v2\/posts"}],"about":[{"href":"https:\/\/linitiative.ca\/International\/wp-json\/wp\/v2\/types\/post"}],"author":[{"embeddable":true,"href":"https:\/\/linitiative.ca\/International\/wp-json\/wp\/v2\/users\/1738"}],"replies":[{"embeddable":true,"href":"https:\/\/linitiative.ca\/International\/wp-json\/wp\/v2\/comments?post=79861"}],"version-history":[{"count":0,"href":"https:\/\/linitiative.ca\/International\/wp-json\/wp\/v2\/posts\/79861\/revisions"}],"wp:featuredmedia":[{"embeddable":true,"href":"https:\/\/linitiative.ca\/International\/wp-json\/"}],"wp:attachment":[{"href":"https:\/\/linitiative.ca\/International\/wp-json\/wp\/v2\/media?parent=79861"}],"wp:term":[{"taxonomy":"category","embeddable":true,"href":"https:\/\/linitiative.ca\/International\/wp-json\/wp\/v2\/categories?post=79861"},{"taxonomy":"post_tag","embeddable":true,"href":"https:\/\/linitiative.ca\/International\/wp-json\/wp\/v2\/tags?post=79861"}],"curies":[{"name":"wp","href":"https:\/\/api.w.org\/{rel}","templated":true}]}}