{"id":79865,"date":"2020-03-23T15:10:14","date_gmt":"2020-03-23T19:10:14","guid":{"rendered":"https:\/\/linitiative.ca\/International\/pros-as-monaco-slimani-passe-en-chomage-partiel\/"},"modified":"2020-03-23T15:10:14","modified_gmt":"2020-03-23T19:10:14","slug":"pros-as-monaco-slimani-passe-en-chomage-partiel","status":"publish","type":"post","link":"https:\/\/linitiative.ca\/International\/pros-as-monaco-slimani-passe-en-chomage-partiel\/","title":{"rendered":"Pros : AS Monaco : Slimani passe en ch\u00f4mage partiel"},"content":{"rendered":"<div readability=\"32\">\n<p>Auteur : <span class=\"time\">lundi 23 mars 2020 19:40<\/span><\/p>\n<\/div>\n<div id=\"post_core\" readability=\"45\">\n<p>Tous les salari\u00e9s du club de football de Monaco sont pass\u00e9s depuis samedi en ch\u00f4mage partiel en raison de l&rsquo;\u00e9pid\u00e9mie de Covid-19, a appris l\u2019AFP lundi de sources internes au club de la Principaut\u00e9. Le club de Ligue 1 fran\u00e7aise a suspendu, depuis le 16 mars, les entra\u00eenements de son \u00e9quipe professionnelle, ferm\u00e9 les locaux du centre d&rsquo;entra\u00eenement de La Turbie et du Stade Louis-II jusqu&rsquo;\u00e0 nouvel ordre comme l&rsquo;indique Sport24.<\/p>\n<p>Malgr\u00e9 une fiscalit\u00e9 diff\u00e9rente et surtout plus avantageuse sur le Rocher, les joueurs et les autres salari\u00e9s du club vont toucher 84% de leurs \u00e9moluments habituels nets, le temps de la pause en Ligue 1 fran\u00e7aise.<\/p>\n<p><strong>Publi\u00e9 dans :<\/strong> <span>slimani<\/span><\/p>\n<\/div>\n<p>Auteur:<br \/>\n<a href=\"http:\/\/www.lebuteur.com\/article\/detail?titre=as-monaco-slimani-passe-en-chomage-partiel&#038;id=95404&#038;utm_source=feedburner&#038;utm_medium=feed&#038;utm_campaign=Feed%3A+GalerieFArtciles+%28Les+derniers+articles++-+lebuteur.com%29\">Cliquez ici pour lire l&rsquo;article depuis sa source.<\/a><\/p>\n","protected":false},"excerpt":{"rendered":"<p>Auteur : lundi 23 mars 2020 19:40 Tous les salari\u00e9s du club de football de Monaco sont pass\u00e9s depuis samedi en ch\u00f4mage partiel en raison de l&rsquo;\u00e9pid\u00e9mie de Covid-19, a appris l\u2019AFP lundi de sources internes au club de la Principaut\u00e9. Le club de Ligue 1 fran\u00e7aise a suspendu, depuis le 16 mars, les entra\u00eenements [&hellip;]<\/p>\n","protected":false},"author":1738,"featured_media":79866,"comment_status":"closed","ping_status":"closed","sticky":false,"template":"","format":"standard","meta":{"fifu_image_url":"","fifu_image_alt":"","footnotes":""},"categories":[53,75],"tags":[],"class_list":["post-79865","post","type-post","status-publish","format-standard","has-post-thumbnail","hentry","category-algerie","category-sport"],"_links":{"self":[{"href":"https:\/\/linitiative.ca\/International\/wp-json\/wp\/v2\/posts\/79865","targetHints":{"allow":["GET"]}}],"collection":[{"href":"https:\/\/linitiative.ca\/International\/wp-json\/wp\/v2\/posts"}],"about":[{"href":"https:\/\/linitiative.ca\/International\/wp-json\/wp\/v2\/types\/post"}],"author":[{"embeddable":true,"href":"https:\/\/linitiative.ca\/International\/wp-json\/wp\/v2\/users\/1738"}],"replies":[{"embeddable":true,"href":"https:\/\/linitiative.ca\/International\/wp-json\/wp\/v2\/comments?post=79865"}],"version-history":[{"count":0,"href":"https:\/\/linitiative.ca\/International\/wp-json\/wp\/v2\/posts\/79865\/revisions"}],"wp:featuredmedia":[{"embeddable":true,"href":"https:\/\/linitiative.ca\/International\/wp-json\/"}],"wp:attachment":[{"href":"https:\/\/linitiative.ca\/International\/wp-json\/wp\/v2\/media?parent=79865"}],"wp:term":[{"taxonomy":"category","embeddable":true,"href":"https:\/\/linitiative.ca\/International\/wp-json\/wp\/v2\/categories?post=79865"},{"taxonomy":"post_tag","embeddable":true,"href":"https:\/\/linitiative.ca\/International\/wp-json\/wp\/v2\/tags?post=79865"}],"curies":[{"name":"wp","href":"https:\/\/api.w.org\/{rel}","templated":true}]}}