{"id":79867,"date":"2020-03-23T15:10:16","date_gmt":"2020-03-23T19:10:16","guid":{"rendered":"https:\/\/linitiative.ca\/International\/divers-coronavirus-confinement-total-de-la-wilaya-de-blida-confinement-partiel-pour-alger\/"},"modified":"2020-03-23T15:10:16","modified_gmt":"2020-03-23T19:10:16","slug":"divers-coronavirus-confinement-total-de-la-wilaya-de-blida-confinement-partiel-pour-alger","status":"publish","type":"post","link":"https:\/\/linitiative.ca\/International\/divers-coronavirus-confinement-total-de-la-wilaya-de-blida-confinement-partiel-pour-alger\/","title":{"rendered":"Divers : Coronavirus : Confinement total de la wilaya de Blida. Confinement partiel pour Alger"},"content":{"rendered":"<div readability=\"32\">\n<p>Auteur : <span class=\"time\">lundi 23 mars 2020 19:54<\/span><\/p>\n<\/div>\n<div id=\"post_core\" readability=\"51\">\n<p>Dans le communiqu\u00e9 sanctionnant cette r\u00e9union, il a \u00e9t\u00e9 d\u00e9cid\u00e9 pour la wilaya de Blida : \u00ab\u00a0un confinement total, \u00e0 domicile, pour une dur\u00e9e de dix (10), renouvelables, avec interdiction de circulation de et vers cette wilaya\u00a0\u00bb, a pr\u00e9cis\u00e9 la m\u00eame source , ajoutant que \u00ab\u00a0les sorties \u00e0 caract\u00e8re exceptionnel doivent \u00eatre autoris\u00e9es au pr\u00e9alable par les services comp\u00e9tents de la gendarmerie ou de la s\u00fbret\u00e9 nationale\u00a0\u00bb.<\/p>\n<p>Pour ce qui est de la wilaya d\u2019Alger, il a \u00e9t\u00e9 d\u00e9cid\u00e9 : \u00ab\u00a0un confinement de 19 heures au lendemain \u00e0 7 heures du matin\u00a0\u00bb a-t-on relev\u00e9, pr\u00e9cisant que \u00ab\u00a0cette mesure sera \u00e9tendue \u00e0 toutes les wilayas o\u00f9 est apparue et o\u00f9 apparaitra le virus, conform\u00e9ment aux observations quotidiennes du minist\u00e8re de la Sant\u00e9, de la Population et de la r\u00e9forme hospitali\u00e8re\u00a0\u00bb.<\/p>\n<p><strong>Publi\u00e9 dans :<\/strong> <span>algerie<\/span><\/p>\n<\/div>\n<p>Auteur:<br \/>\n<a href=\"http:\/\/www.lebuteur.com\/article\/detail?titre=coronavirus-confinement-total-de-la-wilaya-de-blida-confinement-partiel-pour-alger&#038;id=95405&#038;utm_source=feedburner&#038;utm_medium=feed&#038;utm_campaign=Feed%3A+GalerieFArtciles+%28Les+derniers+articles++-+lebuteur.com%29\">Cliquez ici pour lire l&rsquo;article depuis sa source.<\/a><\/p>\n","protected":false},"excerpt":{"rendered":"<p>Auteur : lundi 23 mars 2020 19:54 Dans le communiqu\u00e9 sanctionnant cette r\u00e9union, il a \u00e9t\u00e9 d\u00e9cid\u00e9 pour la wilaya de Blida : \u00ab\u00a0un confinement total, \u00e0 domicile, pour une dur\u00e9e de dix (10), renouvelables, avec interdiction de circulation de et vers cette wilaya\u00a0\u00bb, a pr\u00e9cis\u00e9 la m\u00eame source , ajoutant que \u00ab\u00a0les sorties \u00e0 [&hellip;]<\/p>\n","protected":false},"author":1738,"featured_media":79868,"comment_status":"closed","ping_status":"closed","sticky":false,"template":"","format":"standard","meta":{"fifu_image_url":"","fifu_image_alt":"","footnotes":""},"categories":[53,75],"tags":[],"class_list":["post-79867","post","type-post","status-publish","format-standard","has-post-thumbnail","hentry","category-algerie","category-sport"],"_links":{"self":[{"href":"https:\/\/linitiative.ca\/International\/wp-json\/wp\/v2\/posts\/79867","targetHints":{"allow":["GET"]}}],"collection":[{"href":"https:\/\/linitiative.ca\/International\/wp-json\/wp\/v2\/posts"}],"about":[{"href":"https:\/\/linitiative.ca\/International\/wp-json\/wp\/v2\/types\/post"}],"author":[{"embeddable":true,"href":"https:\/\/linitiative.ca\/International\/wp-json\/wp\/v2\/users\/1738"}],"replies":[{"embeddable":true,"href":"https:\/\/linitiative.ca\/International\/wp-json\/wp\/v2\/comments?post=79867"}],"version-history":[{"count":0,"href":"https:\/\/linitiative.ca\/International\/wp-json\/wp\/v2\/posts\/79867\/revisions"}],"wp:featuredmedia":[{"embeddable":true,"href":"https:\/\/linitiative.ca\/International\/wp-json\/"}],"wp:attachment":[{"href":"https:\/\/linitiative.ca\/International\/wp-json\/wp\/v2\/media?parent=79867"}],"wp:term":[{"taxonomy":"category","embeddable":true,"href":"https:\/\/linitiative.ca\/International\/wp-json\/wp\/v2\/categories?post=79867"},{"taxonomy":"post_tag","embeddable":true,"href":"https:\/\/linitiative.ca\/International\/wp-json\/wp\/v2\/tags?post=79867"}],"curies":[{"name":"wp","href":"https:\/\/api.w.org\/{rel}","templated":true}]}}