{"id":79869,"date":"2020-03-23T11:25:00","date_gmt":"2020-03-23T15:25:00","guid":{"rendered":"https:\/\/linitiative.ca\/International\/coronavirus-le-croissant-rouge-algerien-a-pied-doeuvre\/"},"modified":"2020-03-23T11:25:00","modified_gmt":"2020-03-23T15:25:00","slug":"coronavirus-le-croissant-rouge-algerien-a-pied-doeuvre","status":"publish","type":"post","link":"https:\/\/linitiative.ca\/International\/coronavirus-le-croissant-rouge-algerien-a-pied-doeuvre\/","title":{"rendered":"Coronavirus: Le Croissant rouge alg\u00e9rien \u00e0 pied d&rsquo;\u0153uvre"},"content":{"rendered":"<p>. C\u2019est ce qu\u2019a r\u00e9v\u00e9l\u00e9, Lundi, la pr\u00e9sidente de CRA, qui a d\u00e9clar\u00e9\u00a0 que ces b\u00e9n\u00e9voles s\u2019appr\u00eatent prochainement, et dans une premi\u00e8re \u00e9tape, \u00e0 la distribution de 500 kits contenant des denr\u00e9es alimentaires, au profit des personnes se trouvant dans le besoin dans les wilayas touch\u00e9s par la pand\u00e9mie qui secoue le pays actuellement.<\/p>\n<p>S\u2019exprimant lors d\u2019un point de presse, organis\u00e9 \u00e0 Alger, Mme Saida Benhabyles a assur\u00e9 qu\u2019en plus \u00a0des actions de sensibilisation men\u00e9es par les volontaires du CRA \u00a0pour faire face au Covid-19, plus 100.000 affiches de sensibilisation ont \u00e9t\u00e9 imprim\u00e9es pour \u00eatre affich\u00e9s dans les lieux publics, outre la distribution de 200.000 gants \u00e0 l\u2019occasion des nombreuses sorties de sensibilisation\u00a0initi\u00e9es par son organisation.<\/p>\n<p>Saluant l\u2019\u00e9lan de solidarit\u00e9 des Alg\u00e9riens, elle a affirm\u00e9 que le Croissant rouge alg\u00e9rien a re\u00e7u un don de la part des l\u2019Union des commer\u00e7ants chinois en Alg\u00e9rie, en plus d\u2019un autre don accord\u00e9 par l\u2019op\u00e9rateur de t\u00e9l\u00e9phonie mobile, \u2018\u2019Ooredoo\u2019\u2019. \u00a0\u00abNous avons re\u00e7u l\u2019assurance du \u00a0pr\u00e9sident de la CACI, la Chambre alg\u00e9rienne de commerce et d&rsquo;industrie de Paris, \u00e0 propos de la mobilisation de la diaspora alg\u00e9rienne en vue d\u2019apporter son aide, en ces moments difficiles \u00bb, a-t-elle confi\u00e9 encore.<\/p>\n<p>Mme Benhabyles a soutenu par ailleurs que d\u00e8s l&rsquo;apparition des premiers cas de coronavirus en Chine, le CRA a appel\u00e9 la F\u00e9d\u00e9ration internationale des Soci\u00e9t\u00e9s de la Croix-Rouge et du Croissant-Rouge afin de renforcer ses capacit\u00e9s de formation et \u00e0 \u00e9largir le r\u00f4le des volontaires. Car m\u00eame si le Croissant rouge alg\u00e9rien est\u00a0 pleinement dispos\u00e9 \u00e0 apporter sa contribution en mati\u00e8re de sensibilisation et de pr\u00e9vention contre le coronavirus, sa pr\u00e9sidente explique\u00a0seule la coordination des efforts entre les diff\u00e9rentes parties pourra aider les Alg\u00e9riens \u00e0 s\u2019en sortir indemnes de cette situation s\u00e9rieuse\u00bb.<\/p>\n<p>L\u2019occasion pour Benhabyles de r\u00e9pondre aux critiques soulev\u00e9es ces derniers jours sur son absence sur le terrain. \u00ab Le CRA ne pourra \u00e0 lui seul se substituer aux pouvoirs publics \u00bb, a-t-elle fait remarquer, ajoutant\u00a0que la philosophie d\u2019action du CRA a d\u00e9rang\u00e9 les int\u00e9r\u00eats de plusieurs parties. \u00ab\u00a0Ce qui est important, c\u2019est l\u2019avis des citoyens sur nos actions de terrain car nous sommes la voix des sans voix. De ce fait, nous ne r\u00e9pondons pas aux d\u00e9clarations que je qualifie de marginales\u00a0\u00bb, a tanc\u00e9 la pr\u00e9sidente du CRA.<\/p>\n<p>Pour Mme Benhabyles, la situation critique que traverse le pays \u00e0 cause de cette \u00e9pid\u00e9mie n\u00e9cessite\u00a0 des d\u00e9cisions \u00ab\u00a0fermes \u00bb. Dans ce sillage, elle a salu\u00e9 les mesures prises par le pr\u00e9sident de la R\u00e9publique et affirm\u00e9 qu\u2019il ne s\u2019agit pas de d\u00e9cisions politiques mais plut\u00f4t, a-t-elle relev\u00e9, d\u2019int\u00e9r\u00eat g\u00e9n\u00e9ral pour \u00ab\u00a0pr\u00e9server la sant\u00e9 publique \u00bb. \u00ab\u00a0Face aux risques, ceux qui transgressent les d\u00e9cisions et les mesures prises par les autorit\u00e9s doivent \u00eatre punis de fa\u00e7on appropri\u00e9e \u00bb, a-t-elle recommand\u00e9.<\/p>\n<p>Tahar Kaidi<\/p>\n<p>Auteur: elmoudjahid<br \/>\n<a href=\"http:\/\/www.elmoudjahid.com\/fr\/actualites\/150245\">Cliquez ici pour lire l&rsquo;article depuis sa source.<\/a><\/p>\n","protected":false},"excerpt":{"rendered":"<p>. C\u2019est ce qu\u2019a r\u00e9v\u00e9l\u00e9, Lundi, la pr\u00e9sidente de CRA, qui a d\u00e9clar\u00e9\u00a0 que ces b\u00e9n\u00e9voles s\u2019appr\u00eatent prochainement, et dans une premi\u00e8re \u00e9tape, \u00e0 la distribution de 500 kits contenant des denr\u00e9es alimentaires, au profit des personnes se trouvant dans le besoin dans les wilayas touch\u00e9s par la pand\u00e9mie qui secoue le pays actuellement. S\u2019exprimant [&hellip;]<\/p>\n","protected":false},"author":1744,"featured_media":0,"comment_status":"closed","ping_status":"closed","sticky":false,"template":"","format":"standard","meta":{"fifu_image_url":"","fifu_image_alt":"","footnotes":""},"categories":[73,53],"tags":[],"class_list":["post-79869","post","type-post","status-publish","format-standard","hentry","category-actualite","category-algerie"],"_links":{"self":[{"href":"https:\/\/linitiative.ca\/International\/wp-json\/wp\/v2\/posts\/79869","targetHints":{"allow":["GET"]}}],"collection":[{"href":"https:\/\/linitiative.ca\/International\/wp-json\/wp\/v2\/posts"}],"about":[{"href":"https:\/\/linitiative.ca\/International\/wp-json\/wp\/v2\/types\/post"}],"author":[{"embeddable":true,"href":"https:\/\/linitiative.ca\/International\/wp-json\/wp\/v2\/users\/1744"}],"replies":[{"embeddable":true,"href":"https:\/\/linitiative.ca\/International\/wp-json\/wp\/v2\/comments?post=79869"}],"version-history":[{"count":0,"href":"https:\/\/linitiative.ca\/International\/wp-json\/wp\/v2\/posts\/79869\/revisions"}],"wp:attachment":[{"href":"https:\/\/linitiative.ca\/International\/wp-json\/wp\/v2\/media?parent=79869"}],"wp:term":[{"taxonomy":"category","embeddable":true,"href":"https:\/\/linitiative.ca\/International\/wp-json\/wp\/v2\/categories?post=79869"},{"taxonomy":"post_tag","embeddable":true,"href":"https:\/\/linitiative.ca\/International\/wp-json\/wp\/v2\/tags?post=79869"}],"curies":[{"name":"wp","href":"https:\/\/api.w.org\/{rel}","templated":true}]}}