{"id":79870,"date":"2020-03-23T11:40:00","date_gmt":"2020-03-23T15:40:00","guid":{"rendered":"https:\/\/linitiative.ca\/International\/prevention-de-coronavirus-des-vasques-publics-a-adrar\/"},"modified":"2020-03-23T11:40:00","modified_gmt":"2020-03-23T15:40:00","slug":"prevention-de-coronavirus-des-vasques-publics-a-adrar","status":"publish","type":"post","link":"https:\/\/linitiative.ca\/International\/prevention-de-coronavirus-des-vasques-publics-a-adrar\/","title":{"rendered":"Pr\u00e9vention de Coronavirus: Des vasques publics \u00e0 Adrar"},"content":{"rendered":"<p>\u00c7a se passe \u00e0 Adrar, au sud-ouest de la capitale alg\u00e9rienne, une jeune entreprise de nettoyage baptis\u00e9e \u00ab\u00a0Al-Bahda\u00a0\u00bb a pris l&rsquo;initiative de mise en place des vasques publics, a-t-on appris aupr\u00e8s la direction de la wilaya de Adrar. L&rsquo;id\u00e9e est venue au jeune entrepreneur M. Sid Ahmed Akacem propri\u00e9taire de \u00ab\u00a0Al-Bahda Nettoyage\u00a0\u00bb qui a propos\u00e9 cette id\u00e9e au premier responsable de la wilaya de Adrar, M. Larbi Bahloul qui a salu\u00e9 cette brillante initiative, a indiqu\u00e9 notre source. Ainsi, pas moins de cinq vasques ont \u00e9t\u00e9 mis en place au niveau des grands boulevards et lieux de rassemblements et de march\u00e9s, dont deux au niveau du Boulvard commercial rue Nouda, qui connaissent une grande influence de la population. Ces espaces, mis en place par \u00ab\u00a0Al-Bahda Nettoyage\u00a0\u00bb \u00e0 titre gratuit, sont aliment\u00e9s en eau potable, et \u00e9quip\u00e9s de savons liquides et de gels d\u00e9sinfectants pour dans la perspective de permettre aux citoyens qui ne respectent pas le confinement de se laver les mains \u00e0 tout moment. Une initiative qui m\u00e9rite d&rsquo;\u00eatre encourag\u00e9e et g\u00e9n\u00e9ralis\u00e9e \u00e0 travers le territoire national&#8230; bravo !<\/p>\n<p><strong>Sihem Oubraham<\/strong><\/p>\n<p>Auteur: elmoudjahid<br \/>\n<a href=\"http:\/\/www.elmoudjahid.com\/fr\/actualites\/150246\">Cliquez ici pour lire l&rsquo;article depuis sa source.<\/a><\/p>\n","protected":false},"excerpt":{"rendered":"<p>\u00c7a se passe \u00e0 Adrar, au sud-ouest de la capitale alg\u00e9rienne, une jeune entreprise de nettoyage baptis\u00e9e \u00ab\u00a0Al-Bahda\u00a0\u00bb a pris l&rsquo;initiative de mise en place des vasques publics, a-t-on appris aupr\u00e8s la direction de la wilaya de Adrar. L&rsquo;id\u00e9e est venue au jeune entrepreneur M. Sid Ahmed Akacem propri\u00e9taire de \u00ab\u00a0Al-Bahda Nettoyage\u00a0\u00bb qui a propos\u00e9 [&hellip;]<\/p>\n","protected":false},"author":1744,"featured_media":0,"comment_status":"closed","ping_status":"closed","sticky":false,"template":"","format":"standard","meta":{"fifu_image_url":"","fifu_image_alt":"","footnotes":""},"categories":[73,53],"tags":[],"class_list":["post-79870","post","type-post","status-publish","format-standard","hentry","category-actualite","category-algerie"],"_links":{"self":[{"href":"https:\/\/linitiative.ca\/International\/wp-json\/wp\/v2\/posts\/79870","targetHints":{"allow":["GET"]}}],"collection":[{"href":"https:\/\/linitiative.ca\/International\/wp-json\/wp\/v2\/posts"}],"about":[{"href":"https:\/\/linitiative.ca\/International\/wp-json\/wp\/v2\/types\/post"}],"author":[{"embeddable":true,"href":"https:\/\/linitiative.ca\/International\/wp-json\/wp\/v2\/users\/1744"}],"replies":[{"embeddable":true,"href":"https:\/\/linitiative.ca\/International\/wp-json\/wp\/v2\/comments?post=79870"}],"version-history":[{"count":0,"href":"https:\/\/linitiative.ca\/International\/wp-json\/wp\/v2\/posts\/79870\/revisions"}],"wp:attachment":[{"href":"https:\/\/linitiative.ca\/International\/wp-json\/wp\/v2\/media?parent=79870"}],"wp:term":[{"taxonomy":"category","embeddable":true,"href":"https:\/\/linitiative.ca\/International\/wp-json\/wp\/v2\/categories?post=79870"},{"taxonomy":"post_tag","embeddable":true,"href":"https:\/\/linitiative.ca\/International\/wp-json\/wp\/v2\/tags?post=79870"}],"curies":[{"name":"wp","href":"https:\/\/api.w.org\/{rel}","templated":true}]}}