{"id":79872,"date":"2020-03-23T12:00:00","date_gmt":"2020-03-23T16:00:00","guid":{"rendered":"https:\/\/linitiative.ca\/International\/groupe-sonatrach-en-etat-dalerte-maximale-contre-la-pandemie\/"},"modified":"2020-03-23T12:00:00","modified_gmt":"2020-03-23T16:00:00","slug":"groupe-sonatrach-en-etat-dalerte-maximale-contre-la-pandemie","status":"publish","type":"post","link":"https:\/\/linitiative.ca\/International\/groupe-sonatrach-en-etat-dalerte-maximale-contre-la-pandemie\/","title":{"rendered":"Groupe Sonatrach  :En \u00ab\u00a0\u00e9tat d&rsquo;alerte maximale\u00a0\u00bb contre la pand\u00e9mie"},"content":{"rendered":"<p>Le dispositif de pr\u00e9vention et de sensibilisation des employ\u00e9s dont le nombre avoisine les 55 000 vient de faire l\u2019objet d\u2019une correspondance interne adress\u00e9e par le P-DG Toufik Hakkar au personnel. Il explique que le durcissement des mesures pr\u00e9ventives vise la pr\u00e9servation de la sant\u00e9 des travailleurs et \u00e0 contribuer \u00e0 l\u2019effort national de protection de la sant\u00e9 publique. Le P-DG rappelle les premi\u00e8res mesures d\u00e9cid\u00e9es d\u00e8s la d\u00e9tection des premiers cas. Il \u00e9voque la suspension du d\u00e9placement des expatri\u00e9s au niveau des installations \u00e9nerg\u00e9tiques de Sonatrach, de m\u00eame qu\u2019une interdiction formelle de d\u00e9placement \u00e0 l\u2019\u00e9tranger a \u00e9t\u00e9 signifi\u00e9e aux cadres. \u00abNous avons intensifi\u00e9 les op\u00e9rations de nettoyage et de d\u00e9sinfection au niveau de l\u2019ensemble de nos structures, install\u00e9 des distributeurs de gel hydro-alcoolique et impos\u00e9 le port des \u00e9quipements de protection \u00bb, indique M. Hakkar. Il sera proc\u00e9d\u00e9 \u00e9galement au maintien uniquement des employ\u00e9s indispensables au fonctionnement des structures de production, d\u2019exploitation et m\u00eame au sein de l\u2019administration, \u00e0 la cessation des rotations pour le personnel mobilis\u00e9 dans le Sud, au durcissement des conditions d\u2019acc\u00e8s aux bases de vie\u00a0 et \u00e0 la fermeture des restaurants qui sont remplac\u00e9s par des distributeurs d\u2019alimentation dans les unit\u00e9s op\u00e9rationnelles. La direction g\u00e9n\u00e9rale a invit\u00e9 le personnel \u00e0 apurer ses p\u00e9riodes de cong\u00e9, souligne le P-DG qui fait part de la suspension jusqu&rsquo;\u00e0 nouvel ordre de l\u2019ensemble des activit\u00e9s de formation et de limiter au maximum les r\u00e9unions de travail. \u00ab Je vous invite \u00e0 rester vigilants et \u00eatre confiants quant \u00e0 l\u2019efficacit\u00e9 des mesures prises pour faire face au risque de propagation du coronavirus \u00bb, indique le P-DG qui salue les efforts consentis par les services de sant\u00e9 de l\u2019entreprise et ses structures de s\u00e9curit\u00e9 interne. M. Hakkar appelle les travailleurs \u00e0 rester sereins, disciplin\u00e9s et \u00e0 ne pas verser dans l\u2019alarmisme. L\u2019\u00e9pid\u00e9mie n\u2019a pas, pour l\u2019heure, impact\u00e9 le rythme d\u2019activit\u00e9 de Sonatrach qui conna\u00eet un fonctionnement normal de l\u2019ensemble des unit\u00e9s en amont comme en aval. M Hakkar rappelle que \u00ab la sensibilisation est \u00e9rig\u00e9e en action permanente au sein du groupe\u00bb et les directives de pr\u00e9vention seront actualis\u00e9es en fonction de l\u2019\u00e9volution de la situation suivie de pr\u00e8s au niveau des cellules de crise install\u00e9es au sein de l\u2019ensemble des unit\u00e9s de production et d\u2019exploitation et agissant en \u00e9troite coordination avec le comit\u00e9 de veille.<\/p>\n<p><strong>Karim Aoudia<\/strong><\/p>\n<p>Auteur: elmoudjahid<br \/>\n<a href=\"http:\/\/www.elmoudjahid.com\/fr\/actualites\/150248\">Cliquez ici pour lire l&rsquo;article depuis sa source.<\/a><\/p>\n","protected":false},"excerpt":{"rendered":"<p>Le dispositif de pr\u00e9vention et de sensibilisation des employ\u00e9s dont le nombre avoisine les 55 000 vient de faire l\u2019objet d\u2019une correspondance interne adress\u00e9e par le P-DG Toufik Hakkar au personnel. Il explique que le durcissement des mesures pr\u00e9ventives vise la pr\u00e9servation de la sant\u00e9 des travailleurs et \u00e0 contribuer \u00e0 l\u2019effort national de protection [&hellip;]<\/p>\n","protected":false},"author":1744,"featured_media":0,"comment_status":"closed","ping_status":"closed","sticky":false,"template":"","format":"standard","meta":{"fifu_image_url":"","fifu_image_alt":"","footnotes":""},"categories":[73,53],"tags":[],"class_list":["post-79872","post","type-post","status-publish","format-standard","hentry","category-actualite","category-algerie"],"_links":{"self":[{"href":"https:\/\/linitiative.ca\/International\/wp-json\/wp\/v2\/posts\/79872","targetHints":{"allow":["GET"]}}],"collection":[{"href":"https:\/\/linitiative.ca\/International\/wp-json\/wp\/v2\/posts"}],"about":[{"href":"https:\/\/linitiative.ca\/International\/wp-json\/wp\/v2\/types\/post"}],"author":[{"embeddable":true,"href":"https:\/\/linitiative.ca\/International\/wp-json\/wp\/v2\/users\/1744"}],"replies":[{"embeddable":true,"href":"https:\/\/linitiative.ca\/International\/wp-json\/wp\/v2\/comments?post=79872"}],"version-history":[{"count":0,"href":"https:\/\/linitiative.ca\/International\/wp-json\/wp\/v2\/posts\/79872\/revisions"}],"wp:attachment":[{"href":"https:\/\/linitiative.ca\/International\/wp-json\/wp\/v2\/media?parent=79872"}],"wp:term":[{"taxonomy":"category","embeddable":true,"href":"https:\/\/linitiative.ca\/International\/wp-json\/wp\/v2\/categories?post=79872"},{"taxonomy":"post_tag","embeddable":true,"href":"https:\/\/linitiative.ca\/International\/wp-json\/wp\/v2\/tags?post=79872"}],"curies":[{"name":"wp","href":"https:\/\/api.w.org\/{rel}","templated":true}]}}