{"id":79873,"date":"2020-03-23T13:00:00","date_gmt":"2020-03-23T17:00:00","guid":{"rendered":"https:\/\/linitiative.ca\/International\/fourar-230-cas-confirmes-aucun-deces-ces-dernieres-24-heures\/"},"modified":"2020-03-23T13:00:00","modified_gmt":"2020-03-23T17:00:00","slug":"fourar-230-cas-confirmes-aucun-deces-ces-dernieres-24-heures","status":"publish","type":"post","link":"https:\/\/linitiative.ca\/International\/fourar-230-cas-confirmes-aucun-deces-ces-dernieres-24-heures\/","title":{"rendered":"Fourar: 230 cas confirm\u00e9s, aucun d\u00e9c\u00e8s ces derni\u00e8res 24 heures"},"content":{"rendered":"<p><h2>\u00a0<\/h2>\n<\/p>\n<div readability=\"43\">\n<p>Il a \u00e9t\u00e9 enregistr\u00e9 aujourd&rsquo;hui \u00ab\u00a029 nouveaux cas confirm\u00e9s portant le nombre total des cas \u00e0 230, dont 125 personnes atteintes \u00e0 Blida, soit 54% du nombre total\u00a0\u00bb, a indiqu\u00e9 M. Fourar lors d&rsquo;une conf\u00e9rence de presse, pr\u00e9cisant qu&rsquo;il n&rsquo;y a eu \u00ab\u00a0aucun nouveau d\u00e9c\u00e8s\u00a0\u00bb.<\/p>\n<p>De surcro\u00eet, \u00ab\u00a045% des cas confirm\u00e9s varient leur \u00e2ge entre 25 \u00e0 49 ans, et 30% sont des personnes \u00e2g\u00e9es de 60 ans et plus\u00a0\u00bb, a-t-il expliqu\u00e9, faisant savoir que \u00ab\u00a0322 personnes soup\u00e7onn\u00e9es d&rsquo;\u00eatre porteuses du Covid-19 se trouvent dans des h\u00f4pitaux en attendant les r\u00e9sultats de leurs analyses\u00a0\u00bb.<\/p>\n<p>Pour ce qui est du nombre de d\u00e9c\u00e8s, M. Fourar a indiqu\u00e9 que le \u00ab\u00a0nombre demeure inchang\u00e9, soit 17 d\u00e9c\u00e8s, dont 8 enregistr\u00e9s \u00e0 Blida, soit 47% du nombre total\u00a0\u00bb, a-t-il soutenu.<\/p>\n<p>Selon M. Fourar, la moyenne d&rsquo;\u00e2ge des personnes d\u00e9c\u00e9d\u00e9es, toutes atteintes\u00a0 de maladies chroniques, \u00e9tait de 67 ans, affirmant que 23 cas s&rsquo;\u00e9taient r\u00e9tablis et avaient quitt\u00e9 l&rsquo;h\u00f4pital.<\/p>\n<p>Le Porte-parole du Comit\u00e9 scientifique a r\u00e9affirm\u00e9 que le secteur de la Sant\u00e9 demeurait au plus haut niveau d&rsquo;alerte afin d&rsquo;endiguer cette pand\u00e9mie, rappelant que pour \u00e9viter la contamination \u00ab\u00a0il est imp\u00e9ratif de rester \u00e0 la maison et de ne sortir qu&rsquo;en cas d&rsquo;extr\u00eame urgence pour un seul membre de la famille\u00a0\u00bb.<\/p>\n<p>APS<\/p>\n<\/div>\n<p>Auteur: elmoudjahid<br \/>\n<a href=\"http:\/\/www.elmoudjahid.com\/fr\/actualites\/150249\">Cliquez ici pour lire l&rsquo;article depuis sa source.<\/a><\/p>\n","protected":false},"excerpt":{"rendered":"<p>\u00a0 Il a \u00e9t\u00e9 enregistr\u00e9 aujourd&rsquo;hui \u00ab\u00a029 nouveaux cas confirm\u00e9s portant le nombre total des cas \u00e0 230, dont 125 personnes atteintes \u00e0 Blida, soit 54% du nombre total\u00a0\u00bb, a indiqu\u00e9 M. Fourar lors d&rsquo;une conf\u00e9rence de presse, pr\u00e9cisant qu&rsquo;il n&rsquo;y a eu \u00ab\u00a0aucun nouveau d\u00e9c\u00e8s\u00a0\u00bb. De surcro\u00eet, \u00ab\u00a045% des cas confirm\u00e9s varient leur \u00e2ge [&hellip;]<\/p>\n","protected":false},"author":1744,"featured_media":0,"comment_status":"closed","ping_status":"closed","sticky":false,"template":"","format":"standard","meta":{"fifu_image_url":"","fifu_image_alt":"","footnotes":""},"categories":[73,53],"tags":[],"class_list":["post-79873","post","type-post","status-publish","format-standard","hentry","category-actualite","category-algerie"],"_links":{"self":[{"href":"https:\/\/linitiative.ca\/International\/wp-json\/wp\/v2\/posts\/79873","targetHints":{"allow":["GET"]}}],"collection":[{"href":"https:\/\/linitiative.ca\/International\/wp-json\/wp\/v2\/posts"}],"about":[{"href":"https:\/\/linitiative.ca\/International\/wp-json\/wp\/v2\/types\/post"}],"author":[{"embeddable":true,"href":"https:\/\/linitiative.ca\/International\/wp-json\/wp\/v2\/users\/1744"}],"replies":[{"embeddable":true,"href":"https:\/\/linitiative.ca\/International\/wp-json\/wp\/v2\/comments?post=79873"}],"version-history":[{"count":0,"href":"https:\/\/linitiative.ca\/International\/wp-json\/wp\/v2\/posts\/79873\/revisions"}],"wp:attachment":[{"href":"https:\/\/linitiative.ca\/International\/wp-json\/wp\/v2\/media?parent=79873"}],"wp:term":[{"taxonomy":"category","embeddable":true,"href":"https:\/\/linitiative.ca\/International\/wp-json\/wp\/v2\/categories?post=79873"},{"taxonomy":"post_tag","embeddable":true,"href":"https:\/\/linitiative.ca\/International\/wp-json\/wp\/v2\/tags?post=79873"}],"curies":[{"name":"wp","href":"https:\/\/api.w.org\/{rel}","templated":true}]}}