{"id":79874,"date":"2020-03-23T07:40:30","date_gmt":"2020-03-23T11:40:30","guid":{"rendered":"https:\/\/linitiative.ca\/International\/103346-aviron-covid19-devant-l-impossibilite-de-se-preparer-le-report-des-jo-2020-devient-une-necessite\/"},"modified":"2020-03-23T07:40:30","modified_gmt":"2020-03-23T11:40:30","slug":"103346-aviron-covid19-devant-l-impossibilite-de-se-preparer-le-report-des-jo-2020-devient-une-necessite","status":"publish","type":"post","link":"https:\/\/linitiative.ca\/International\/103346-aviron-covid19-devant-l-impossibilite-de-se-preparer-le-report-des-jo-2020-devient-une-necessite\/","title":{"rendered":"Aviron\/Covid19: devant l&rsquo;impossibilit\u00e9 de se pr\u00e9parer, le report des JO-2020 devient une n\u00e9cessit\u00e9"},"content":{"rendered":"<div readability=\"38\">\n<p><strong>ALGER &#8211; Le rameur alg\u00e9rien, Sid Ali Boudina, a estim\u00e9 lundi qu&rsquo;avec l&rsquo;impossibilit\u00e9 des athl\u00e8tes de se pr\u00e9parer dans les meilleures conditions en raison de la pand\u00e9mie du nouveau coronavirus qui touche l&rsquo;Alg\u00e9rie et le monde entier, le report des Jeux olympiques-2020 (JO-2020) de Tokyo \u00ab\u00a0devient une n\u00e9cessit\u00e9\u00a0\u00bb.<\/strong><\/p>\n<\/div>\n<div readability=\"81.7805504587\">\n<p>\u00ab\u00a0Je suis \u00e0 mon septi\u00e8me jour de confinement \u00e0 domicile, sans contact avec le monde ext\u00e9rieur, ni avec les membres de ma famille. Sinc\u00e8rement, c&rsquo;est une chose tr\u00e8s dure \u00e0 accepter sur le plan mental. Je pr\u00e9cise toutefois que je ne suis pas atteint du coronavirus\u00a0\u00bb, a d\u00e9clar\u00e9 \u00e0 l&rsquo;APS Boudina, de retour de France o\u00f9 il pr\u00e9parait les JO-2020.<\/p>\n<p>Et d&rsquo;ajouter: \u00ab\u00a0Je m&rsquo;entra\u00eene sur un ergom\u00e8tre dans ma chambre pour garder la cadence de pr\u00e9paration. J&rsquo;esp\u00e8re que les prochains Jeux olympiques seront report\u00e9s, gr\u00e2ce \u00e0 l&rsquo;implication de l&rsquo;Organisation mondiale de la sant\u00e9 (OMS) et des grandes puissances du sport mondial\u00a0\u00bb.<\/p>\n<blockquote readability=\"12\">\n<p><em><strong>\u00ab\u00a0Je suis en contact avec des sportifs qualifi\u00e9s aux JO dans diff\u00e9rentes disciplines dont l&rsquo;aviron et ils sont tous contre la tenue de l&rsquo;\u00e9v\u00e8nement olympique\u00a0\u00bb, a ajout\u00e9 Boudina, soulignant qu'\u00a0\u00bbil est impossible pour un athl\u00e8te soumis au confinement sanitaire de pr\u00e9parer dans les meilleures conditions un tel \u00e9v\u00e8nement, surtout pour des disciplines comme la natation et l&rsquo;athl\u00e9tisme dont la pr\u00e9paration \u00e0 domicile est carr\u00e9ment impossible, contrairement quelque peu \u00e0 l&rsquo;aviron\u00a0\u00bb.<\/strong><\/em><\/p>\n<\/blockquote>\n<p>Dimanche, le pr\u00e9sident du Comit\u00e9 international olympique (CIO), l&rsquo;Allemand Thomas Bach, a indiqu\u00e9 que le CIO et ses partenaires se donnaient quatre semaines pour prendre une d\u00e9cision concernant les Jeux olympiques de Tokyo, \u00e9voquant un possible report mais pas d&rsquo;annulation.<\/p>\n<hr\/>\n<h3>Lire aussi:\u00a0<a href=\"http:\/\/www.aps.dz\/sport\/95575-aviron-les-algeriens-boudina-et-ait-daoud-qualifies-pour-les-jo-2020\" target=\"_blank\" rel=\"noopener noreferrer\">Aviron: les Alg\u00e9riens Boudina et A\u00eft Daoud qualifi\u00e9s pour les JO-2020<\/a><\/h3>\n<hr\/>\n<p>Le rameur alg\u00e9rien a \u00e9voqu\u00e9 le probl\u00e8me des f\u00e9d\u00e9rations asiatique, europ\u00e9enne et am\u00e9ricaine qui \u00e9prouvent d&rsquo;\u00e9normes difficult\u00e9s \u00e0 arr\u00eater les dates de leurs tournois qualificatifs aux JO-2020.<\/p>\n<p>\u00ab\u00a0L&rsquo;une des valeurs essentielles du CIO est l&rsquo;\u00e9quit\u00e9. Mais comment honorer cette valeur alors que 43% des athl\u00e8tes ne sont pas encore qualifi\u00e9s ? Comment proc\u00e9der ? Est-ce qu&rsquo;on va augmenter les quotas ? Maintenir les qualifications ?\u00a0\u00bb, s&rsquo;est interrog\u00e9 le m\u00e9daill\u00e9 d&rsquo;or aux Jeux africains-2019 de Rabat.<\/p>\n<blockquote readability=\"14\">\n<p><em><strong>\u00ab\u00a0Il est certain que les enjeux \u00e9conomiques et politiques (sponsors, droits TV, infrastructures, organisation&#8230;), sont lourds de cons\u00e9quences, nous le comprenons tous. Seulement, l&rsquo;argent ne doit jamais primer sur les valeurs de l&rsquo;Olympisme\u00a0\u00bb, a conclu le champion alg\u00e9rien de l&rsquo;aviron.<\/strong><\/em><\/p>\n<\/blockquote>\n<p>Pour rappel, les rameurs alg\u00e9riens Sid Ali Boudina et Kamel A\u00eft Daoud avaient valid\u00e9 leur billet pour les JO-2020 de Tokyo en remportant l&rsquo;\u00e9preuve du 2000m skiff (messieurs) en deux de couple poids l\u00e9gers du tournoi de qualification olympique, disput\u00e9 en octobre 2019 \u00e0 Tunis.<\/p>\n<p>Boudina avait pris part aux derniers JO-2016 disput\u00e9s \u00e0 Rio de Janeiro dans l&rsquo;\u00e9preuve individuelle, atteignant les quarts de finale du skiff.<\/p>\n<\/div>\n<p>Auteur:<br \/>\n<a href=\"http:\/\/www.aps.dz\/sport\/103346-aviron-covid19-devant-l-impossibilite-de-se-preparer-le-report-des-jo-2020-devient-une-necessite?utm_source=feedburner&#038;utm_medium=feed&#038;utm_campaign=Feed%3A+aps-sport+%28APS+-+SPORT%29\">Cliquez ici pour lire l&rsquo;article depuis sa source.<\/a><\/p>\n","protected":false},"excerpt":{"rendered":"<p>ALGER &#8211; Le rameur alg\u00e9rien, Sid Ali Boudina, a estim\u00e9 lundi qu&rsquo;avec l&rsquo;impossibilit\u00e9 des athl\u00e8tes de se pr\u00e9parer dans les meilleures conditions en raison de la pand\u00e9mie du nouveau coronavirus qui touche l&rsquo;Alg\u00e9rie et le monde entier, le report des Jeux olympiques-2020 (JO-2020) de Tokyo \u00ab\u00a0devient une n\u00e9cessit\u00e9\u00a0\u00bb. \u00ab\u00a0Je suis \u00e0 mon septi\u00e8me jour de [&hellip;]<\/p>\n","protected":false},"author":1790,"featured_media":0,"comment_status":"closed","ping_status":"closed","sticky":false,"template":"","format":"standard","meta":{"fifu_image_url":"","fifu_image_alt":"","footnotes":""},"categories":[53,75],"tags":[],"class_list":["post-79874","post","type-post","status-publish","format-standard","hentry","category-algerie","category-sport"],"_links":{"self":[{"href":"https:\/\/linitiative.ca\/International\/wp-json\/wp\/v2\/posts\/79874","targetHints":{"allow":["GET"]}}],"collection":[{"href":"https:\/\/linitiative.ca\/International\/wp-json\/wp\/v2\/posts"}],"about":[{"href":"https:\/\/linitiative.ca\/International\/wp-json\/wp\/v2\/types\/post"}],"author":[{"embeddable":true,"href":"https:\/\/linitiative.ca\/International\/wp-json\/wp\/v2\/users\/1790"}],"replies":[{"embeddable":true,"href":"https:\/\/linitiative.ca\/International\/wp-json\/wp\/v2\/comments?post=79874"}],"version-history":[{"count":0,"href":"https:\/\/linitiative.ca\/International\/wp-json\/wp\/v2\/posts\/79874\/revisions"}],"wp:attachment":[{"href":"https:\/\/linitiative.ca\/International\/wp-json\/wp\/v2\/media?parent=79874"}],"wp:term":[{"taxonomy":"category","embeddable":true,"href":"https:\/\/linitiative.ca\/International\/wp-json\/wp\/v2\/categories?post=79874"},{"taxonomy":"post_tag","embeddable":true,"href":"https:\/\/linitiative.ca\/International\/wp-json\/wp\/v2\/tags?post=79874"}],"curies":[{"name":"wp","href":"https:\/\/api.w.org\/{rel}","templated":true}]}}