{"id":79875,"date":"2020-03-23T12:15:00","date_gmt":"2020-03-23T16:15:00","guid":{"rendered":"https:\/\/linitiative.ca\/International\/sonelgaz-mostaganem-suspension-momentanee-des-coupures-delectricite\/"},"modified":"2020-03-23T12:15:00","modified_gmt":"2020-03-23T16:15:00","slug":"sonelgaz-mostaganem-suspension-momentanee-des-coupures-delectricite","status":"publish","type":"post","link":"https:\/\/linitiative.ca\/International\/sonelgaz-mostaganem-suspension-momentanee-des-coupures-delectricite\/","title":{"rendered":"SONELGAZ MOSTAGANEM : Suspension momentan\u00e9e des coupures d\u2019\u00e9lectricit\u00e9"},"content":{"rendered":"<p><br id=\"sep_para_1\" class=\"sep_para access\"\/><\/p>\n<div id=\"para_1\" class=\"para_36110146 resize\">\n<div class=\"texte access firstletter\">La soci\u00e9t\u00e9 d\u2019\u00e9lectricit\u00e9 et du gaz\u00a0 de la wilaya a d\u00e9cid\u00e9 de suspendre\u00a0 momentan\u00e9 les proc\u00e9dures de coupure d\u2019\u00e9lectricit\u00e9 et du gaz pour non-paiement de facture en cette p\u00e9riode de crise sanitaire. En ce sens , les citoyens sont invit\u00e9s \u00e0 \u00e9viter de se d\u00e9placer aux agences, et\u00a0 se contenter d\u2019 appeler le 3303 en cas de panne d\u2019\u00e9lectricit\u00e9 ou de gaz, a-t-on appris. Plusieurs mesures pr\u00e9ventives ont \u00e9t\u00e9 prises par la compagnie afin d\u2019assurer la continuit\u00e9 des services d\u2019alimentation en \u00e9lectricit\u00e9 et gaz, et ce, \u00e0 travers la cr\u00e9ation d\u2019une cellule de crise tout en invitant les citoyens \u00e0 une consommation rationnelle .<\/div>\n<\/div>\n<p>Auteur: Gana Yacine<br \/>\n<a href=\"https:\/\/www.reflexiondz.net\/SONELGAZ-MOSTAGANEM-Suspension-momentanee-des-coupures-d-electricite_a61441.html\">Cliquez ici pour lire l&rsquo;article depuis sa source.<\/a><\/p>\n","protected":false},"excerpt":{"rendered":"<p>La soci\u00e9t\u00e9 d\u2019\u00e9lectricit\u00e9 et du gaz\u00a0 de la wilaya a d\u00e9cid\u00e9 de suspendre\u00a0 momentan\u00e9 les proc\u00e9dures de coupure d\u2019\u00e9lectricit\u00e9 et du gaz pour non-paiement de facture en cette p\u00e9riode de crise sanitaire. En ce sens , les citoyens sont invit\u00e9s \u00e0 \u00e9viter de se d\u00e9placer aux agences, et\u00a0 se contenter d\u2019 appeler le 3303 en [&hellip;]<\/p>\n","protected":false},"author":1740,"featured_media":0,"comment_status":"closed","ping_status":"closed","sticky":false,"template":"","format":"standard","meta":{"fifu_image_url":"","fifu_image_alt":"","footnotes":""},"categories":[53,76],"tags":[],"class_list":["post-79875","post","type-post","status-publish","format-standard","hentry","category-algerie","category-regions"],"_links":{"self":[{"href":"https:\/\/linitiative.ca\/International\/wp-json\/wp\/v2\/posts\/79875","targetHints":{"allow":["GET"]}}],"collection":[{"href":"https:\/\/linitiative.ca\/International\/wp-json\/wp\/v2\/posts"}],"about":[{"href":"https:\/\/linitiative.ca\/International\/wp-json\/wp\/v2\/types\/post"}],"author":[{"embeddable":true,"href":"https:\/\/linitiative.ca\/International\/wp-json\/wp\/v2\/users\/1740"}],"replies":[{"embeddable":true,"href":"https:\/\/linitiative.ca\/International\/wp-json\/wp\/v2\/comments?post=79875"}],"version-history":[{"count":0,"href":"https:\/\/linitiative.ca\/International\/wp-json\/wp\/v2\/posts\/79875\/revisions"}],"wp:attachment":[{"href":"https:\/\/linitiative.ca\/International\/wp-json\/wp\/v2\/media?parent=79875"}],"wp:term":[{"taxonomy":"category","embeddable":true,"href":"https:\/\/linitiative.ca\/International\/wp-json\/wp\/v2\/categories?post=79875"},{"taxonomy":"post_tag","embeddable":true,"href":"https:\/\/linitiative.ca\/International\/wp-json\/wp\/v2\/tags?post=79875"}],"curies":[{"name":"wp","href":"https:\/\/api.w.org\/{rel}","templated":true}]}}