{"id":79877,"date":"2020-03-23T12:23:00","date_gmt":"2020-03-23T16:23:00","guid":{"rendered":"https:\/\/linitiative.ca\/International\/benbouzid-evoque-la-possibilite-de-faire-appel-a-larmee\/"},"modified":"2020-03-23T12:23:00","modified_gmt":"2020-03-23T16:23:00","slug":"benbouzid-evoque-la-possibilite-de-faire-appel-a-larmee","status":"publish","type":"post","link":"https:\/\/linitiative.ca\/International\/benbouzid-evoque-la-possibilite-de-faire-appel-a-larmee\/","title":{"rendered":"Benbouzid \u00e9voque la possibilit\u00e9 de faire appel \u00e0 l\u2019arm\u00e9e"},"content":{"rendered":"<p><br id=\"sep_para_1\" class=\"sep_para access\"\/><\/p>\n<div id=\"para_1\" class=\"para_36110497 resize\">\n<div class=\"texte access firstletter\">Lors de son passage \u00e0 la radio nationale, le ministre de la sant\u00e9 Abderrahmane Benbouzid a \u00e9voqu\u00e9 la possibilit\u00e9 de faire recours \u00e0 l\u2019arm\u00e9e pour forcer les gens \u00e0 se confiner, face \u00e0 la propagation du Covid-19. En effet, le ministre \u00ab esp\u00e8re ne pas en arriver l\u00e0 \u00bb, avant de pr\u00e9ciser qu\u2019il compte sur \u00ab le degr\u00e9 de sensibilisation \u00bb du peuple alg\u00e9rien. \u00ab Les Alg\u00e9riens ont manifest\u00e9 pacifiquement sans que l\u2019arm\u00e9e intervienne, esp\u00e9rant que \u00e7a continu ainsi, et \u00e9viter ce qui se passe ailleurs dans le monde \u00bb, a-t-il pr\u00e9conis\u00e9. Dans ce sens, Benbouzid ajoute que les Alg\u00e9riens doivent savoir que cela n\u2019a rien avoir avec la politique, mais plut\u00f4t \u00ab une crise sanitaire internationale, et ce n\u2019est pas nous qui l\u2019avons faite \u00bb. \u00ab Les mesures prises actuellement peuvent \u00eatre chang\u00e9es \u00e0 tout moment \u00bb a-t-il fait savoir, tout en rappelant que l\u2019unique traitement disponible contre le Covid-19, est le confinement et la pr\u00e9vention.<\/div>\n<\/div>\n<p>Auteur: R\u00e9flexion<br \/>\n<a href=\"https:\/\/www.reflexiondz.net\/Benbouzid-evoque-la-possibilite-de-faire-appel-a-l-armee_a61453.html\">Cliquez ici pour lire l&rsquo;article depuis sa source.<\/a><\/p>\n","protected":false},"excerpt":{"rendered":"<p>Lors de son passage \u00e0 la radio nationale, le ministre de la sant\u00e9 Abderrahmane Benbouzid a \u00e9voqu\u00e9 la possibilit\u00e9 de faire recours \u00e0 l\u2019arm\u00e9e pour forcer les gens \u00e0 se confiner, face \u00e0 la propagation du Covid-19. En effet, le ministre \u00ab esp\u00e8re ne pas en arriver l\u00e0 \u00bb, avant de pr\u00e9ciser qu\u2019il compte sur [&hellip;]<\/p>\n","protected":false},"author":1740,"featured_media":0,"comment_status":"closed","ping_status":"closed","sticky":false,"template":"","format":"standard","meta":{"fifu_image_url":"","fifu_image_alt":"","footnotes":""},"categories":[53,76],"tags":[],"class_list":["post-79877","post","type-post","status-publish","format-standard","hentry","category-algerie","category-regions"],"_links":{"self":[{"href":"https:\/\/linitiative.ca\/International\/wp-json\/wp\/v2\/posts\/79877","targetHints":{"allow":["GET"]}}],"collection":[{"href":"https:\/\/linitiative.ca\/International\/wp-json\/wp\/v2\/posts"}],"about":[{"href":"https:\/\/linitiative.ca\/International\/wp-json\/wp\/v2\/types\/post"}],"author":[{"embeddable":true,"href":"https:\/\/linitiative.ca\/International\/wp-json\/wp\/v2\/users\/1740"}],"replies":[{"embeddable":true,"href":"https:\/\/linitiative.ca\/International\/wp-json\/wp\/v2\/comments?post=79877"}],"version-history":[{"count":0,"href":"https:\/\/linitiative.ca\/International\/wp-json\/wp\/v2\/posts\/79877\/revisions"}],"wp:attachment":[{"href":"https:\/\/linitiative.ca\/International\/wp-json\/wp\/v2\/media?parent=79877"}],"wp:term":[{"taxonomy":"category","embeddable":true,"href":"https:\/\/linitiative.ca\/International\/wp-json\/wp\/v2\/categories?post=79877"},{"taxonomy":"post_tag","embeddable":true,"href":"https:\/\/linitiative.ca\/International\/wp-json\/wp\/v2\/tags?post=79877"}],"curies":[{"name":"wp","href":"https:\/\/api.w.org\/{rel}","templated":true}]}}