{"id":79879,"date":"2020-03-23T13:09:00","date_gmt":"2020-03-23T17:09:00","guid":{"rendered":"https:\/\/linitiative.ca\/International\/precisions-sur-notre-article-de-la-cnas-doran\/"},"modified":"2020-03-23T13:09:00","modified_gmt":"2020-03-23T17:09:00","slug":"precisions-sur-notre-article-de-la-cnas-doran","status":"publish","type":"post","link":"https:\/\/linitiative.ca\/International\/precisions-sur-notre-article-de-la-cnas-doran\/","title":{"rendered":"Pr\u00e9cisions sur notre article de la CNAS d&rsquo;Oran"},"content":{"rendered":"<p><br id=\"sep_para_1\" class=\"sep_para access\"\/><\/p>\n<div id=\"para_1\" class=\"para_36111964 resize\">\n<div class=\"texte access firstletter\">Suite \u00e0 notre entretien t\u00e9l\u00e9phonique avec le DG de la CNAS de la wilaya d&rsquo;Oran, il nous a fait comprendre que les informations recueillies dans les r\u00e9seaux sociaux notamment sur la page \u2018\u2019Oran info\u2019\u2019 , et d&rsquo;autres journaux qui nous ont donn\u00e9 cette information, s&rsquo;est av\u00e9r\u00e9e fausse, selon la d\u00e9claration du DG, Mesli Mohamed, qui nous a fait comprendre que son petit neveu est hospitalis\u00e9 en isolation et qu&rsquo;il n&rsquo;a pas rejoint son domicile de retour de France et \u00e0 cet effet, nous lui pr\u00e9senterons toutes nos excuses ind\u00e9pendamment de notre volont\u00e9 du fait que nous sommes \u00e0 l&rsquo;\u00e9coute de nos citoyens.\u00a0\u00a0<\/div>\n<\/div>\n<p>Auteur: Medjadji Habib<br \/>\n<a href=\"https:\/\/www.reflexiondz.net\/Precisions-sur-notre-article-de-la-CNAS-d-Oran_a61455.html\">Cliquez ici pour lire l&rsquo;article depuis sa source.<\/a><\/p>\n","protected":false},"excerpt":{"rendered":"<p>Suite \u00e0 notre entretien t\u00e9l\u00e9phonique avec le DG de la CNAS de la wilaya d&rsquo;Oran, il nous a fait comprendre que les informations recueillies dans les r\u00e9seaux sociaux notamment sur la page \u2018\u2019Oran info\u2019\u2019 , et d&rsquo;autres journaux qui nous ont donn\u00e9 cette information, s&rsquo;est av\u00e9r\u00e9e fausse, selon la d\u00e9claration du DG, Mesli Mohamed, qui [&hellip;]<\/p>\n","protected":false},"author":1740,"featured_media":0,"comment_status":"closed","ping_status":"closed","sticky":false,"template":"","format":"standard","meta":{"fifu_image_url":"","fifu_image_alt":"","footnotes":""},"categories":[53,76],"tags":[],"class_list":["post-79879","post","type-post","status-publish","format-standard","hentry","category-algerie","category-regions"],"_links":{"self":[{"href":"https:\/\/linitiative.ca\/International\/wp-json\/wp\/v2\/posts\/79879","targetHints":{"allow":["GET"]}}],"collection":[{"href":"https:\/\/linitiative.ca\/International\/wp-json\/wp\/v2\/posts"}],"about":[{"href":"https:\/\/linitiative.ca\/International\/wp-json\/wp\/v2\/types\/post"}],"author":[{"embeddable":true,"href":"https:\/\/linitiative.ca\/International\/wp-json\/wp\/v2\/users\/1740"}],"replies":[{"embeddable":true,"href":"https:\/\/linitiative.ca\/International\/wp-json\/wp\/v2\/comments?post=79879"}],"version-history":[{"count":0,"href":"https:\/\/linitiative.ca\/International\/wp-json\/wp\/v2\/posts\/79879\/revisions"}],"wp:attachment":[{"href":"https:\/\/linitiative.ca\/International\/wp-json\/wp\/v2\/media?parent=79879"}],"wp:term":[{"taxonomy":"category","embeddable":true,"href":"https:\/\/linitiative.ca\/International\/wp-json\/wp\/v2\/categories?post=79879"},{"taxonomy":"post_tag","embeddable":true,"href":"https:\/\/linitiative.ca\/International\/wp-json\/wp\/v2\/tags?post=79879"}],"curies":[{"name":"wp","href":"https:\/\/api.w.org\/{rel}","templated":true}]}}