{"id":79880,"date":"2020-03-23T06:00:00","date_gmt":"2020-03-23T10:00:00","guid":{"rendered":"https:\/\/linitiative.ca\/International\/samir-gharbi-quid-du-fonds-1818-de-lutte-contre-le-covid-19\/"},"modified":"2020-03-23T06:00:00","modified_gmt":"2020-03-23T10:00:00","slug":"samir-gharbi-quid-du-fonds-1818-de-lutte-contre-le-covid-19","status":"publish","type":"post","link":"https:\/\/linitiative.ca\/International\/samir-gharbi-quid-du-fonds-1818-de-lutte-contre-le-covid-19\/","title":{"rendered":"Samir Gharbi: Quid du \u00ab\u00a0Fonds 1818 de lutte contre le Covid-19&Prime;\u2026"},"content":{"rendered":"<p>Les Tunisiens avaient connu le Fonds 2626 de \u00absolidarit\u00e9 nationale\u00bb pour la lutte contre la pauvret\u00e9\u2026 Ils ont r\u00e9pondu \u00e0 l\u2019appel lanc\u00e9 en 2011 par\u2026 Ta\u00efeb Baccouche. Apr\u00e8s le volontariat, le 26-26 est devenu une \u00abobligation\u00bb, un signe d\u2019all\u00e9geance \u00e0 Ben Ali\u2026 G\u00e9r\u00e9 hors de toute r\u00e8gle de transparence, le 26-26 a servi \u2013 on ne sait pas \u00e0 hauteur de combien \u2013 \u00e0 l\u2019usage discr\u00e9tionnaire de Ben Ali\u2026<\/p>\n<p>Avec le Covid-19, on annonce la cr\u00e9ation d\u2019un Fonds 18-18. Mais on n\u2019a pas pris la pr\u00e9caution de dire \u00e0 ceux qui vont contribuer les r\u00e8gles de bonne gestion : qui va s\u2019en occuper? Qui va rendre des comptes? Qui va contr\u00f4ler?<\/p>\n<p>J\u2019ai beau cherch\u00e9, je n\u2019ai trouv\u00e9 que confusion (sur l\u2019initiative elle-m\u00eame) et rien sur la future gestion des ressources: on annonce le 21 mars que la somme de 27,1 millions de dinars a \u00e9t\u00e9 collect\u00e9e, dont 21 millions en \u00abpromesses\u00bb et 6,2 millions en versements effectifs\u2026<\/p>\n<p><em>D\u2019abord, qui a pris l\u2019initiative de lancer ce fonds? La Haica ou le ministre de la Sant\u00e9?<\/em><\/p>\n<p>Des sites d\u2019informations ont dit que ce fonds a \u00e9t\u00e9 organis\u00e9 \u00ab\u00e0 l\u2019initiative de la Haute autorit\u00e9 ind\u00e9pendante de la communication audiovisuelle (HAICA) sous la supervision de la t\u00e9l\u00e9vision nationale et avec la participation de diff\u00e9rentes institutions audiovisuelles\u00bb\u2026\u00a0 Que les dons vont servir \u00e0 financer la \u00ablutte contre le coronavirus\u00bb. Et que d\u2019apr\u00e8s \u00able pr\u00e9sident de la HAICA, Nouri Lajmi, cette initiative vise aussi \u00e0 sensibiliser les citoyens \u00e0 l\u2019importance de leur r\u00f4le dans la lutte contre cette pand\u00e9mie \u00e0 travers le respect des mesures pr\u00e9ventives et des recommandations sanitaires\u00bb.<\/p>\n<p>Consult\u00e9, le site web de la Haica n\u2019a rien publi\u00e9 \u00e0 ce sujet. Voir capture d\u2019\u00e9cran (prise ce jour \u00e0 18h06).<\/p>\n<p class=\"c2\"><img decoding=\"async\" src=\"\/uploads\/FCK_files\/imprime.jpg\" alt=\"\" width=\"100%\" vspace=\"5\" hspace=\"5\" align=\"middle\"\/><\/p>\n<p><span class=\"c4\"><span class=\"c3\"><strong>Un autre site \u00e9crit<\/strong><\/span><\/span><\/p>\n<p>\u00abUne r\u00e9union a eu lieu ce mardi 17 mars entre les repr\u00e9sentants de la Haute autorit\u00e9 ind\u00e9pendante de la communication audiovisuelle (HAICA), de la pr\u00e9sidence du gouvernement, du minist\u00e8re de la Sant\u00e9 et de la T\u00e9l\u00e9vision tunisienne. Il a \u00e9t\u00e9 convenu lors de cette r\u00e9union que le t\u00e9l\u00e9thon sera organis\u00e9 le vendredi 20 mars, co\u00efncidant avec la f\u00eate de l\u2019ind\u00e9pendance, pour collecter des dons au profit du minist\u00e8re de la Sant\u00e9 dans sa lutte contre le coronavirus. L\u2019id\u00e9e du t\u00e9l\u00e9thon, pr\u00e9sent\u00e9e par la HAICA, sera sous la tutelle de la t\u00e9l\u00e9vision publique et avec la participation de diff\u00e9rents m\u00e9dias audiovisuels d\u00e9sireux d\u2019y prendre part\u2026\u00bb<\/p>\n<p><span class=\"c5\"><strong>Le m\u00eame jour, 17 mars, un autre site attribue la d\u00e9cision de cr\u00e9er le fonds non pas \u00e0 la Haica, mais au ministre de la Sant\u00e9\u2026 Il \u00e9crit ceci:<\/strong><\/span><\/p>\n<p>\u00abLe ministre de la Sant\u00e9, Abdeltif Mekki, a annonc\u00e9, ce dimanche 15 mars 2020, le lancement d\u2019un service national de dons au profit des structures hospitali\u00e8res tunisiennes.<\/p>\n<p>Ce service doit permettre aux volontaires souhaitant venir en aide \u00e0 l\u2019Etat dans sa lutte contre le coronavirus de faire un don, \u00e0 partir de 1 dinar, par voies officielles.\u00bb<\/p>\n<p><span class=\"c5\"><strong>Et voil\u00e0 que le 22 mars, un autre site annonce la cr\u00e9ation d\u2019un autre fonds de solidarit\u00e9:<\/strong><\/span><\/p>\n<p><em>\u00abEn cette premi\u00e8re journ\u00e9e du d\u00e9but du confinement sanitaire total en Tunisie, le minist\u00e8re des Affaires Culturelles a annonc\u00e9 dimanche, la cr\u00e9ation d\u2019une structure d\u2019aide aux divers professionnels du secteur culturel et artistique baptis\u00e9e \u201cFonds Relance Culture\u201d (FRC). Le lancement de cette nouvelle structure \u00e0 dotation mixte entre le secteur priv\u00e9 et le secteur public, intervient suite au discours du Chef du Gouvernement, Elyes Fakhfakh, samedi soir.<br \/><\/em><\/p>\n<p><em>\u00abS\u2019agissant du secteur culturel, la cr\u00e9ation du Fonds Relance Culture constitue \u201cune premi\u00e8re mesure qui vise \u00e0 accompagner les op\u00e9rateurs et espaces culturels, publics et priv\u00e9s, fortement d\u00e9stabilis\u00e9s par cette crise globale\u2026\u00bb<\/em><\/p>\n<p>Aucun site n\u2019a cherch\u00e9 \u00e0 savoir comment ce fonds va \u00eatre g\u00e9r\u00e9? Quelle structure ou institution va \u00eatre en charge de la r\u00e9ception des fonds et de leur utilisation? Quels \u00e9tablissements de sant\u00e9 publique vont en b\u00e9n\u00e9ficier?<\/p>\n<p><span class=\"c4\"><span class=\"c3\"><strong>Pour conclure, je dirai<\/strong><\/span><\/span><\/p>\n<p>La Tunisie n\u2019est plus au temps du 26-26, au temps de la dictature. Dans la Tunisie de 2020, l\u2019Etat doit rendre des comptes aux citoyens sur la gestion des ressources. Fini la p\u00e9riode de gestion opaque et discr\u00e9tionnaire des ann\u00e9es 2011-2019. Il y va de la cr\u00e9dibilit\u00e9 du nouveau gouvernement. Il faut enfin que les choses changent, dans le bon sens, j\u2019entends. Sinon, gare au retour du b\u00e2ton.<br \/>Messieurs, prenez donc le temps d\u2019expliquer aux Tunisiens, de respecter les horaires promises de vos interventions, du tenant et des aboutissants de vos d\u00e9cisions. Ne les prenez pas pour des moutons de Panurge, ni pour des imb\u00e9ciles.<\/p>\n<p class=\"c6\"><strong>Samir Gharbi<\/strong><\/p>\n<p><span class=\"c7\"><em><strong>Illustration:<\/strong><\/em><br \/><em>Capture d\u2019\u00e9cran du site Haica (22 mars \u00e0 18h06): le dernier communiqu\u00e9 est dat\u00e9 du 19 mars\u2026<\/em><\/span><\/p>\n<p>\u00a0<br \/>\u00a0<\/p>\n<p>Auteur:<br \/>\n<a href=\"https:\/\/www.leaders.com.tn\/article\/29449-samir-gharbi-quid-du-le-fonds-1818-de-lutte-contre-le-covid-19\">Cliquez ici pour lire l&rsquo;article depuis sa source.<\/a><\/p>\n","protected":false},"excerpt":{"rendered":"<p>Les Tunisiens avaient connu le Fonds 2626 de \u00absolidarit\u00e9 nationale\u00bb pour la lutte contre la pauvret\u00e9\u2026 Ils ont r\u00e9pondu \u00e0 l\u2019appel lanc\u00e9 en 2011 par\u2026 Ta\u00efeb Baccouche. Apr\u00e8s le volontariat, le 26-26 est devenu une \u00abobligation\u00bb, un signe d\u2019all\u00e9geance \u00e0 Ben Ali\u2026 G\u00e9r\u00e9 hors de toute r\u00e8gle de transparence, le 26-26 a servi \u2013 on [&hellip;]<\/p>\n","protected":false},"author":1772,"featured_media":79881,"comment_status":"closed","ping_status":"closed","sticky":false,"template":"","format":"standard","meta":{"fifu_image_url":"","fifu_image_alt":"","footnotes":""},"categories":[73,55],"tags":[],"class_list":["post-79880","post","type-post","status-publish","format-standard","has-post-thumbnail","hentry","category-actualite","category-tunisie"],"_links":{"self":[{"href":"https:\/\/linitiative.ca\/International\/wp-json\/wp\/v2\/posts\/79880","targetHints":{"allow":["GET"]}}],"collection":[{"href":"https:\/\/linitiative.ca\/International\/wp-json\/wp\/v2\/posts"}],"about":[{"href":"https:\/\/linitiative.ca\/International\/wp-json\/wp\/v2\/types\/post"}],"author":[{"embeddable":true,"href":"https:\/\/linitiative.ca\/International\/wp-json\/wp\/v2\/users\/1772"}],"replies":[{"embeddable":true,"href":"https:\/\/linitiative.ca\/International\/wp-json\/wp\/v2\/comments?post=79880"}],"version-history":[{"count":0,"href":"https:\/\/linitiative.ca\/International\/wp-json\/wp\/v2\/posts\/79880\/revisions"}],"wp:featuredmedia":[{"embeddable":true,"href":"https:\/\/linitiative.ca\/International\/wp-json\/"}],"wp:attachment":[{"href":"https:\/\/linitiative.ca\/International\/wp-json\/wp\/v2\/media?parent=79880"}],"wp:term":[{"taxonomy":"category","embeddable":true,"href":"https:\/\/linitiative.ca\/International\/wp-json\/wp\/v2\/categories?post=79880"},{"taxonomy":"post_tag","embeddable":true,"href":"https:\/\/linitiative.ca\/International\/wp-json\/wp\/v2\/tags?post=79880"}],"curies":[{"name":"wp","href":"https:\/\/api.w.org\/{rel}","templated":true}]}}