{"id":79883,"date":"2020-03-23T08:03:00","date_gmt":"2020-03-23T12:03:00","guid":{"rendered":"https:\/\/linitiative.ca\/International\/lotfi-ben-gaied-nouveau-chef-de-cabinet-du-ministre-des-affaires-etrangeres\/"},"modified":"2020-03-23T08:03:00","modified_gmt":"2020-03-23T12:03:00","slug":"lotfi-ben-gaied-nouveau-chef-de-cabinet-du-ministre-des-affaires-etrangeres","status":"publish","type":"post","link":"https:\/\/linitiative.ca\/International\/lotfi-ben-gaied-nouveau-chef-de-cabinet-du-ministre-des-affaires-etrangeres\/","title":{"rendered":"Lotfi Ben Ga\u00efed, nouveau chef de cabinet du ministre des Affaires \u00e9trang\u00e8res"},"content":{"rendered":"<p>Ancien ambassadeur \u00e0 Ryadh (2014 \u2013 2019), puis directeur g\u00e9n\u00e9ral pour le monde arabe et les pays islamique, Lotfi Ben Ga\u00efed est nomm\u00e9 chef de cabinet du ministre des Affaires. Il succ\u00e8de dans ses nouvelles fonctions \u00e0 Lassaad Boutara, en poste depuis novembre dernier et \u00ab\u00a0qui sera appel\u00e9 \u00e0 d\u2019autres fonctions\u00a0\u00bb.<\/p>\n<p>L\u2019ambassadeur Lotfi Ben Ga\u00efed \u00e9tait jusque-l\u00e0 directeur g\u00e9n\u00e9ral Am\u00e9rique, Asie et Oc\u00e9anie (nomm\u00e9 en d\u00e9cembre dernier).<\/p>\n<p>A noter que son successeur en Arabie saoudite n\u2019est pas encore nomm\u00e9. Trois autres postes importants restent vacants n\u00e9cessitant d\u2019\u00eatre pourvus d\u2019urgence\u00a0: \u00e0 savoir ceux de\u00a0:<\/p>\n<ul>\n<li>ambassadeur repr\u00e9sentant-permanent aupr\u00e8s de l\u2019ONU \u00e0 New York\u00a0(apr\u00e8s le rappel de Moncef Baati, d\u00e9but f\u00e9vrier),<\/li>\n<li>ambassadeur \u00e0 Paris\u00a0(vacant depuis la fin de mission, il y a quatre cinq de Abdelaziz Rassaa)<\/li>\n<li>consul g\u00e9n\u00e9ral \u00e0 Paris\u00a0(le plus grand poste consulaire, sans titulaire, apr\u00e8s la fin de mission il y a cinq mois aussi de Ali Chaalali).<\/li>\n<\/ul>\n<p>\u00abCa ne saurait tarder\u00a0\u00bb, nous dit-on aux Affaires \u00e9trang\u00e8res.<\/p>\n<p>Auteur:<br \/>\n<a href=\"https:\/\/www.leaders.com.tn\/article\/29451-lotfi-ben-gaied-nouveau-chef-de-cabinet-du-ministre-des-affaires-etrangeres\">Cliquez ici pour lire l&rsquo;article depuis sa source.<\/a><\/p>\n","protected":false},"excerpt":{"rendered":"<p>Ancien ambassadeur \u00e0 Ryadh (2014 \u2013 2019), puis directeur g\u00e9n\u00e9ral pour le monde arabe et les pays islamique, Lotfi Ben Ga\u00efed est nomm\u00e9 chef de cabinet du ministre des Affaires. Il succ\u00e8de dans ses nouvelles fonctions \u00e0 Lassaad Boutara, en poste depuis novembre dernier et \u00ab\u00a0qui sera appel\u00e9 \u00e0 d\u2019autres fonctions\u00a0\u00bb. L\u2019ambassadeur Lotfi Ben Ga\u00efed [&hellip;]<\/p>\n","protected":false},"author":1772,"featured_media":0,"comment_status":"closed","ping_status":"closed","sticky":false,"template":"","format":"standard","meta":{"fifu_image_url":"","fifu_image_alt":"","footnotes":""},"categories":[73,55],"tags":[],"class_list":["post-79883","post","type-post","status-publish","format-standard","hentry","category-actualite","category-tunisie"],"_links":{"self":[{"href":"https:\/\/linitiative.ca\/International\/wp-json\/wp\/v2\/posts\/79883","targetHints":{"allow":["GET"]}}],"collection":[{"href":"https:\/\/linitiative.ca\/International\/wp-json\/wp\/v2\/posts"}],"about":[{"href":"https:\/\/linitiative.ca\/International\/wp-json\/wp\/v2\/types\/post"}],"author":[{"embeddable":true,"href":"https:\/\/linitiative.ca\/International\/wp-json\/wp\/v2\/users\/1772"}],"replies":[{"embeddable":true,"href":"https:\/\/linitiative.ca\/International\/wp-json\/wp\/v2\/comments?post=79883"}],"version-history":[{"count":0,"href":"https:\/\/linitiative.ca\/International\/wp-json\/wp\/v2\/posts\/79883\/revisions"}],"wp:attachment":[{"href":"https:\/\/linitiative.ca\/International\/wp-json\/wp\/v2\/media?parent=79883"}],"wp:term":[{"taxonomy":"category","embeddable":true,"href":"https:\/\/linitiative.ca\/International\/wp-json\/wp\/v2\/categories?post=79883"},{"taxonomy":"post_tag","embeddable":true,"href":"https:\/\/linitiative.ca\/International\/wp-json\/wp\/v2\/tags?post=79883"}],"curies":[{"name":"wp","href":"https:\/\/api.w.org\/{rel}","templated":true}]}}