{"id":79884,"date":"2020-03-23T12:17:00","date_gmt":"2020-03-23T16:17:00","guid":{"rendered":"https:\/\/linitiative.ca\/International\/nidhal-ouerfelli-covid-19-une-opportunite-de-transformation-du-modele-de-cooperation-regional-et-de-developpement\/"},"modified":"2020-03-23T12:17:00","modified_gmt":"2020-03-23T16:17:00","slug":"nidhal-ouerfelli-covid-19-une-opportunite-de-transformation-du-modele-de-cooperation-regional-et-de-developpement","status":"publish","type":"post","link":"https:\/\/linitiative.ca\/International\/nidhal-ouerfelli-covid-19-une-opportunite-de-transformation-du-modele-de-cooperation-regional-et-de-developpement\/","title":{"rendered":"Nidhal Ouerfelli &#8211; Covid-19 : Une opportunit\u00e9 de transformation du mod\u00e8le de coop\u00e9ration r\u00e9gional et de d\u00e9veloppement"},"content":{"rendered":"<p>Le petit virus Covid-19 a montr\u00e9 les limites et les failles de notre syst\u00e8me \u00e9conomique actuel fond\u00e9 sur la mondialisation, l\u2019interd\u00e9pendance et des ressources fossiles \u00e9puisables et in\u00e9galement r\u00e9parties. En effet, le d\u00e9veloppement socio-\u00e9conomique actuel, issu du processus d\u2019industrialisation des deux derniers si\u00e8cles, s\u2019est nourrit d\u2019une \u00e9nergie majoritairement fossile, relativement abondante et bon march\u00e9. Ce d\u00e9veloppement a n\u00e9anmoins accru les in\u00e9galit\u00e9s, les tensions g\u00e9opolitiques et a contribu\u00e9 au renforcement de l\u2019interd\u00e9pendance de nos \u00e9conomies et \u00e0 la d\u00e9gradation de l\u2019environnement et aux d\u00e9r\u00e8glements climatiques. On savait \u00e9galement que la mondialisation a engendr\u00e9, ces derni\u00e8res d\u00e9cennies, une d\u00e9r\u00e9glementation financi\u00e8re et une production industrielle g\u00e9ographiquement centralis\u00e9e l\u00e0 o\u00f9 les co\u00fbts salariaux \u00e9taient les plus faibles, en Asie, \u00e0 l\u2019exclusion de toute autre consid\u00e9ration et ne tenant en aucun compte des co\u00fbts \u00e9cologiques.<\/p>\n<p>Nous sommes aujourd\u2019hui, au niveau mondial mais \u00e9galement \u00e0 l\u2019\u00e9chelle r\u00e9gionale, en face d\u2019un v\u00e9ritable paroxysme de notre mod\u00e8le de d\u00e9veloppement \u00e9conomique qui se traduit par une explosion des crises et d\u2019incertitudes dans tous les domaines : sanitaire, \u00e9nerg\u00e9tique, climatique, g\u00e9opolitique et de valeurs m\u00eames ! Notre mod\u00e8le de croissance classique, celui d\u2019une croissance infinie et interd\u00e9pendante, n\u2019est plus soutenable ! Il y a beaucoup de le\u00e7ons \u00e0 tirer et des changements \u00e0 op\u00e9rer.<\/p>\n<p>Au-del\u00e0 du <em>\u00ab Tsunami sanitaire, \u00e9conomique et social \u00bb<\/em> actuel, qui, apr\u00e8s la Chine et quelques pays en Asie, touche de plein fouet l\u2019Europe, les USA, l\u2019Afrique du Nord et qui, porteur de plus de chaos, affectera bient\u00f4t l\u2019Afrique et l\u2019Inde, la question \u00e0 laquelle nous devons r\u00e9pondre est : <span class=\"c2\"><strong>Comment sera le monde de demain ?<\/strong><\/span><\/p>\n<p>Naturellement de tr\u00e8s importantes forces d\u2019inertie \u00e9conomiques, commerciales, soci\u00e9tales et politiques vont exiger assez rapidement le retour au fonctionnement classique de notre \u00e9conomie. Toutefois ce qui est certain que le Covid-19 apportera des changements importants voir des transformations majeures dans le syst\u00e8me \u00e9conomique mondial et les \u00e9changes commerciaux. Ainsi, de nouvelles politiques de coop\u00e9ration et de nouvelles strat\u00e9gies industrielles seront mise en place autour <span class=\"c2\"><strong>\u00ab d\u2019\u00e9cosyst\u00e8mes essentiels \u00bb<\/strong><\/span> tels que : les \u00e9nergies renouvelables, l\u2019automobile, l\u2019a\u00e9ronautique, le M\u00e9dical, l\u2019alimentation, la Recherche et D\u00e9veloppement, etc. Dans cette nouvelle strat\u00e9gie, d\u2019autres crit\u00e8res que la rentabilit\u00e9 seront pris en compte, telles que la supply chain, la s\u00e9curit\u00e9 d\u2019approvisionnement (produits manufactur\u00e9s, m\u00e9dicaments, alimentation, etc.), le bilan carbone et la qualit\u00e9 de l\u2019environnement. Les cha\u00eenes de production, de distribution et d\u2019approvisionnement, perturb\u00e9es et parfois rompues (due \u00e0 une sur-d\u00e9pendance des \u00e9conomies mondiales des industries chinoises), devraient \u00eatre totalement repens\u00e9es et restructur\u00e9es. Elles seront recentr\u00e9es et relocalis\u00e9es en privil\u00e9giant la s\u00e9curit\u00e9 d\u2019approvisionnement, l\u2019\u00e9conomie locale et circulaire.<\/p>\n<p>On va assister probablement <span class=\"c2\"><strong>au passage de la \u00ab Globalisation \u00bb \u00e0 la \u00ab Glocalisation \u00bb<\/strong><\/span> qui pourrait se traduire par <span class=\"c2\"><strong>une relocalisation en Europe conjugu\u00e9e \u00e0 une localisation \u00e0 proximit\u00e9<\/strong><\/span> avec des opportunit\u00e9s pour des pays de la rive sud de la m\u00e9diterran\u00e9e et de l\u2019Afrique.<\/p>\n<p>Le nouveau mod\u00e8le de \u00ab glocalisation \u00bb pour l\u2019Europe ne pourra pas se faire sans une int\u00e9gration de l\u2019Afrique, qui fait partie de la sph\u00e8re g\u00e9ostrat\u00e9gique de l\u2019Europe et avec qui elle partage un destin futur commun\u2026 L\u2019Afrique de demain devrait se substituer \u00e0 la Chine d\u2019aujourd\u2019hui en termes d\u2019\u00e9changes\u2026 Et avec sa jeunesse, l\u2019Afrique peut \u00eatre \u00e0 la fois, l\u2019espoir mais \u00e9galement le Chaos pour elle-m\u00eame et pour l\u2019Europe (immigration, pand\u00e9mies&#8230;). Les Etats et acteurs \u00e9conomiques europ\u00e9ens regarderont de nouveau vers ces pays. Il y aura des opportunit\u00e9s qu\u2019il faudra saisir !\u00a0<\/p>\n<p>Le Covid-19 rappelle \u00e9galement le caract\u00e8re crucial et vital de la \u00ab <span class=\"c2\"><strong>R-D-I<\/strong><\/span> \u00bb, Recherche scientifique \u2013 D\u00e9veloppement \u2013 Innovation et la n\u00e9cessit\u00e9 d\u2019investir massivement pour le long terme.\u00a0 Ainsi, devraient \u00eatre repens\u00e9es, la coop\u00e9ration en mati\u00e8re de \u00ab capacity building \u00bb et la <span class=\"c2\"><strong>co-construction de programme commun<\/strong><\/span> de recherche qui s\u2019ins\u00e8rent dans une vision de plus long terme. Ces domaines sont connexes et fertilisant d\u2019autres domaines tels que le d\u00e9veloppement de projets industriels et dans le domaine de la sant\u00e9.<\/p>\n<p>Une p\u00e9dagogie sera d\u00e9velopp\u00e9e pour vanter la synergie de ces domaines dans la grande dur\u00e9e : la valeur ajout\u00e9e des actions de capacity building est d\u2019attirer des jeunes talents, et de former de futures \u00e9lites, de les mettre au c\u0153ur d\u2019un r\u00e9seau r\u00e9gional qui permettra, dans la dur\u00e9e, de porter avec succ\u00e8s des projets industriels r\u00e9gionaux. Il s\u2019agira ainsi de promouvoir l\u2019installation d\u2019une ou plusieurs infrastructures de recherche, chacune accompagn\u00e9e d\u2019un service (aide \u00e0 la gouvernance et \u00e0 la formation pour la bonne exploitation de l\u2019infrastructure) et d\u2019un partenariat \u00e0 long terme incluant l\u2019\u00e9tablissement de programmes d\u2019utilisation durable et d\u2019un acc\u00e8s \u00e0 des infrastructures de m\u00eame nature mais de classes multinationales. Il s\u2019agit l\u00e0 d\u2019une transformation de notre strat\u00e9gie pour la d\u00e9tacher de l\u2019imm\u00e9diat et l\u2019inscrire dans une logique et une vision de longs termes.<\/p>\n<p>L\u2019ensemble de ces activit\u00e9s ne se r\u00e9sume pas \u00e0 leur dimension commerciale et\/ou d\u2019aide au d\u00e9veloppement mais mobilise une nouvelle dimension g\u00e9opolitique et diplomatique \u00e0 l\u2019\u00e9chelle r\u00e9gionale qui se trouvent <span class=\"c2\"><strong>\u00e0 la crois\u00e9e d\u2019une coop\u00e9ration Nord-Sud et Sud-Sud.<\/strong><\/span><\/p>\n<p>La transformation de notre syst\u00e8me \u00e9conomique est d\u00e9sormais invit\u00e9e \u00e0 se <span class=\"c2\"><strong>construire collectivement,<\/strong><\/span> en impliquant largement l\u2019ensemble des parties prenantes, et les diff\u00e9rentes \u00e9chelles de territoire : Economie circulaire, technologies num\u00e9riques, industries manufacturi\u00e8re, \u00e9nergies renouvelables, \u00e9coconception, de nombreuses approches peuvent y contribuer. Initier cette dynamique passe par la mise en place de partenariats ad\u00e9quats, de circuits \u00e9conomiques et de financements adapt\u00e9s, ainsi que par l\u2019anticipation et la pr\u00e9paration des comp\u00e9tences n\u00e9cessaires. Ce nouveau mod\u00e8le doit s\u2019accompagner d\u2019une part, d\u2019une politique audacieuse de partenariat industriel au niveau de la r\u00e9gion qui se pr\u00eate particuli\u00e8rement au transfert de technologie, et d\u2019autre part, d\u2019une <span class=\"c2\"><strong>strat\u00e9gie de renforcement des capacit\u00e9s industrielles, technologiques et scientifiques<\/strong><\/span> locales, si l\u2019on ne veut pas que la r\u00e9alisation des projets et l\u2019accroissement des \u00e9changes se traduisent par une aggravation des in\u00e9galit\u00e9s entre le Nord et le Sud.<\/p>\n<p>Il s\u2019agit ainsi d\u2019une opportunit\u00e9 pour la mise en place, <span class=\"c2\"><strong>(i)<\/strong><\/span> d\u2019un nouvel ordre \u00e9conomique et social fond\u00e9 sur la proximit\u00e9 et la solidarit\u00e9 ; <span class=\"c2\"><strong>(ii)<\/strong><\/span> d\u2019un nouvelle politique industrielle fond\u00e9e sur la cr\u00e9ation de la valeur et de d\u2019innovation ; <span class=\"c2\"><strong>(iii)<\/strong><\/span> d\u2019une nouvelle politique de coop\u00e9ration et d\u2019investissement dans la recherche scientifique et <span class=\"c2\"><strong>(iv)<\/strong><\/span> d\u2019une nouvelle politique de relations ext\u00e9rieures qui s\u2019inscrit dans une strat\u00e9gie \u00ab gagnant-gagnant \u00bb \u00e0 long terme.\u00a0<\/p>\n<p>Dans un monde en acc\u00e9l\u00e9ration foudroyante tir\u00e9e par les nouvelles technologies, la crise actuelle nous d\u00e9montre que le s\u00e9jour de chacun d\u2019entre nous ici-bas est archi pr\u00e9caire et \u00e0 quel point il y\u2019a un besoin de retour aux valeurs primaires humaines \u00e9cras\u00e9es aujourd\u2019hui par une mondialisation homo economicus.\u00a0\u00a0\u00a0\u00a0\u00a0\u00a0<\/p>\n<p class=\"c4\"><strong>Dr. Nidhal Ouerfelli<\/strong><br \/><span class=\"c3\"><em>Ancien Ministre<br \/>Haut Repr\u00e9sentant R\u00e9gional de l\u2019Administrateur G\u00e9n\u00e9ral du Commissariat \u00e0 l\u2019Energie Atomique<br \/>et aux Energies Alternatives (CEA) pour les pays du Sud de la M\u00e9diterran\u00e9e, du Moyen-\u00adOrient et de l\u2019Afrique<\/em><\/span><\/p>\n<p>Auteur:<br \/>\n<a href=\"https:\/\/www.leaders.com.tn\/article\/29454-le-tsunami-covid-19-une-opportunite-de-transformation-du-modele-de-cooperation-regional-et-de-developpement-economique\">Cliquez ici pour lire l&rsquo;article depuis sa source.<\/a><\/p>\n","protected":false},"excerpt":{"rendered":"<p>Le petit virus Covid-19 a montr\u00e9 les limites et les failles de notre syst\u00e8me \u00e9conomique actuel fond\u00e9 sur la mondialisation, l\u2019interd\u00e9pendance et des ressources fossiles \u00e9puisables et in\u00e9galement r\u00e9parties. En effet, le d\u00e9veloppement socio-\u00e9conomique actuel, issu du processus d\u2019industrialisation des deux derniers si\u00e8cles, s\u2019est nourrit d\u2019une \u00e9nergie majoritairement fossile, relativement abondante et bon march\u00e9. Ce [&hellip;]<\/p>\n","protected":false},"author":1772,"featured_media":0,"comment_status":"closed","ping_status":"closed","sticky":false,"template":"","format":"standard","meta":{"fifu_image_url":"","fifu_image_alt":"","footnotes":""},"categories":[73,55],"tags":[],"class_list":["post-79884","post","type-post","status-publish","format-standard","hentry","category-actualite","category-tunisie"],"_links":{"self":[{"href":"https:\/\/linitiative.ca\/International\/wp-json\/wp\/v2\/posts\/79884","targetHints":{"allow":["GET"]}}],"collection":[{"href":"https:\/\/linitiative.ca\/International\/wp-json\/wp\/v2\/posts"}],"about":[{"href":"https:\/\/linitiative.ca\/International\/wp-json\/wp\/v2\/types\/post"}],"author":[{"embeddable":true,"href":"https:\/\/linitiative.ca\/International\/wp-json\/wp\/v2\/users\/1772"}],"replies":[{"embeddable":true,"href":"https:\/\/linitiative.ca\/International\/wp-json\/wp\/v2\/comments?post=79884"}],"version-history":[{"count":0,"href":"https:\/\/linitiative.ca\/International\/wp-json\/wp\/v2\/posts\/79884\/revisions"}],"wp:attachment":[{"href":"https:\/\/linitiative.ca\/International\/wp-json\/wp\/v2\/media?parent=79884"}],"wp:term":[{"taxonomy":"category","embeddable":true,"href":"https:\/\/linitiative.ca\/International\/wp-json\/wp\/v2\/categories?post=79884"},{"taxonomy":"post_tag","embeddable":true,"href":"https:\/\/linitiative.ca\/International\/wp-json\/wp\/v2\/tags?post=79884"}],"curies":[{"name":"wp","href":"https:\/\/api.w.org\/{rel}","templated":true}]}}