{"id":79886,"date":"2020-03-23T12:53:05","date_gmt":"2020-03-23T16:53:05","guid":{"rendered":"https:\/\/linitiative.ca\/International\/live-coronavirus-le-point-de-presse-du-ministere-de-la-sante\/"},"modified":"2020-03-23T12:53:05","modified_gmt":"2020-03-23T16:53:05","slug":"live-coronavirus-le-point-de-presse-du-ministere-de-la-sante","status":"publish","type":"post","link":"https:\/\/linitiative.ca\/International\/live-coronavirus-le-point-de-presse-du-ministere-de-la-sante\/","title":{"rendered":"Live. Coronavirus : le point de presse du minist\u00e8re de la Sant\u00e9"},"content":{"rendered":"<p><strong>Mohamed Lyoubi, directeur de l\u2019\u00e9pid\u00e9miologie au minist\u00e8re de la Sant\u00e9, \u00e0 anim\u00e9 un point de presse relatif aux derniers d\u00e9veloppements du coronavirus au Maroc.<\/strong><\/p>\n<div class=\"wp-block-embed__wrapper\"><iframe loading=\"lazy\" title=\"&#x627;&#x631;&#x62A;&#x641;&#x627;&#x639; &#x639;&#x62F;&#x62F; &#x62D;&#x627;&#x644;&#x627;&#x62A; &#x627;&#x644;&#x625;&#x635;&#x627;&#x628;&#x629; &#x627;&#x644;&#x645;&#x624;&#x643;&#x62F;&#x629; &#x628;&#x641;&#x64A;&#x631;&#x648;&#x633; &#x643;&#x648;&#x631;&#x648;&#x646;&#x627; &#x627;&#x644;&#x645;&#x633;&#x62A;&#x62C;&#x62F; &#x641;&#x64A; &#x627;&#x644;&#x645;&#x63A;&#x631;&#x628; &#x625;&#x644;&#x649; 143 &#x62D;&#x627;&#x644;&#x629;\" width=\"1140\" height=\"641\" src=\"https:\/\/www.youtube.com\/embed\/_PglPFXHmoc?feature=oembed\" frameborder=\"0\" allow=\"accelerometer; autoplay; encrypted-media; gyroscope; picture-in-picture\" allowfullscreen=\"\">[embedded content]<\/iframe><\/div>\n<div class=\"c16\">\n<fieldset class=\"c15\">\n<legend><strong><span class=\"c10\">Challenge<\/span><span class=\"c11\">news<\/span><\/strong><\/legend>\n<div class=\"c14\">Le meilleur de Challenge s\u00e9lectionn\u00e9 par la r\u00e9daction :<\/p>\n<\/div>\n<\/fieldset>\n<\/div>\n<p>Auteur: challenge<br \/>\n<a href=\"https:\/\/www.challenge.ma\/live-coronavirus-le-point-de-presse-du-ministere-de-la-sante-133913\/\">Cliquez ici pour lire l&rsquo;article depuis sa source.<\/a><\/p>\n","protected":false},"excerpt":{"rendered":"<p>Mohamed Lyoubi, directeur de l\u2019\u00e9pid\u00e9miologie au minist\u00e8re de la Sant\u00e9, \u00e0 anim\u00e9 un point de presse relatif aux derniers d\u00e9veloppements du coronavirus au Maroc. [embedded content] Challengenews Le meilleur de Challenge s\u00e9lectionn\u00e9 par la r\u00e9daction : Auteur: challenge Cliquez ici pour lire l&rsquo;article depuis sa source.<\/p>\n","protected":false},"author":1787,"featured_media":0,"comment_status":"closed","ping_status":"closed","sticky":false,"template":"","format":"standard","meta":{"fifu_image_url":"","fifu_image_alt":"","footnotes":""},"categories":[78,54],"tags":[],"class_list":["post-79886","post","type-post","status-publish","format-standard","hentry","category-economie","category-maroc"],"_links":{"self":[{"href":"https:\/\/linitiative.ca\/International\/wp-json\/wp\/v2\/posts\/79886","targetHints":{"allow":["GET"]}}],"collection":[{"href":"https:\/\/linitiative.ca\/International\/wp-json\/wp\/v2\/posts"}],"about":[{"href":"https:\/\/linitiative.ca\/International\/wp-json\/wp\/v2\/types\/post"}],"author":[{"embeddable":true,"href":"https:\/\/linitiative.ca\/International\/wp-json\/wp\/v2\/users\/1787"}],"replies":[{"embeddable":true,"href":"https:\/\/linitiative.ca\/International\/wp-json\/wp\/v2\/comments?post=79886"}],"version-history":[{"count":0,"href":"https:\/\/linitiative.ca\/International\/wp-json\/wp\/v2\/posts\/79886\/revisions"}],"wp:attachment":[{"href":"https:\/\/linitiative.ca\/International\/wp-json\/wp\/v2\/media?parent=79886"}],"wp:term":[{"taxonomy":"category","embeddable":true,"href":"https:\/\/linitiative.ca\/International\/wp-json\/wp\/v2\/categories?post=79886"},{"taxonomy":"post_tag","embeddable":true,"href":"https:\/\/linitiative.ca\/International\/wp-json\/wp\/v2\/tags?post=79886"}],"curies":[{"name":"wp","href":"https:\/\/api.w.org\/{rel}","templated":true}]}}