{"id":79889,"date":"2020-03-23T16:35:15","date_gmt":"2020-03-23T20:35:15","guid":{"rendered":"https:\/\/linitiative.ca\/International\/coronavirus-la-douane-invite-laivam-a-limiter-ses-importations-automobiles\/"},"modified":"2020-03-23T16:35:15","modified_gmt":"2020-03-23T20:35:15","slug":"coronavirus-la-douane-invite-laivam-a-limiter-ses-importations-automobiles","status":"publish","type":"post","link":"https:\/\/linitiative.ca\/International\/coronavirus-la-douane-invite-laivam-a-limiter-ses-importations-automobiles\/","title":{"rendered":"Coronavirus : la douane invite l\u2019AIVAM \u00e0 limiter ses importations automobiles"},"content":{"rendered":"<p><strong>C\u2019est par courrier en ce 23 mars 2020 que l\u2019Administration des douanes a sollicit\u00e9 l\u2019Association des importateurs de v\u00e9hicules au Maroc (AIVAM). Objectif\u00a0de cette requ\u00eate : diminuer autant que possible les importations de v\u00e9hicules neufs.<\/strong><\/p>\n<div class=\"c10\"\/>\n<p>Une note adress\u00e9e au Pr\u00e9sident de l\u2019AIVAM, Adil Bennani, dans laquelle Nabyl Lakhdar, Directeur g\u00e9n\u00e9ral de l\u2019Administration des Douanes et Imp\u00f4ts indirects, invite les membres de l\u2019association \u00e0 <em>\u00abr\u00e9duire au strict minimum leurs importations en n\u00e9gociant avec leurs fournisseurs le report de celles-ci\u00bb<\/em>.<\/p>\n<p>Et Nabyl Lakhdar de pr\u00e9ciser que chaque membre de l\u2019AIVAM est pri\u00e9 de transmettre \u00e0 l\u2019Administration, via courrier \u00e9lectronique, un tableau mettant en exergue, et pour les prochains mois, les importations en cours et celles qu\u2019il n\u2019est pas possible de reporter ou d\u2019annuler.<\/p>\n<p>Le Directeur g\u00e9n\u00e9ral de l\u2019Administration des Douanes et Imp\u00f4ts indirects qui motive son courrier en soulignant\u00a0que la situation compliqu\u00e9e, relative \u00e0 la pand\u00e9mie du Covid-19 que traverse le Royaume, a, entre autres cons\u00e9quences, un impact n\u00e9gatif sur la balance de paiements. <em>\u00abLes recettes touristiques, les transferts des MRE et les recettes au titre des exportations commerciales et de services s\u2019inscrivent d\u2019ores et d\u00e9j\u00e0 en baisse tr\u00e8s significative\u00bb<\/em>, ajoute Nabyl Lakhdar.<\/p>\n<div class=\"c17\">\n<fieldset class=\"c16\">\n<legend><strong><span class=\"c11\">Challenge<\/span><span class=\"c12\">news<\/span><\/strong><\/legend>\n<div class=\"c15\">Le meilleur de Challenge s\u00e9lectionn\u00e9 par la r\u00e9daction :<\/p>\n<\/div>\n<\/fieldset>\n<\/div>\n<p>Auteur: David J\u00e9r\u00e9mie<br \/>\n<a href=\"https:\/\/www.challenge.ma\/coronavirus-la-douane-invite-laivam-a-limiter-ses-importations-automobiles-133919\/\">Cliquez ici pour lire l&rsquo;article depuis sa source.<\/a><\/p>\n","protected":false},"excerpt":{"rendered":"<p>C\u2019est par courrier en ce 23 mars 2020 que l\u2019Administration des douanes a sollicit\u00e9 l\u2019Association des importateurs de v\u00e9hicules au Maroc (AIVAM). Objectif\u00a0de cette requ\u00eate : diminuer autant que possible les importations de v\u00e9hicules neufs. Une note adress\u00e9e au Pr\u00e9sident de l\u2019AIVAM, Adil Bennani, dans laquelle Nabyl Lakhdar, Directeur g\u00e9n\u00e9ral de l\u2019Administration des Douanes et [&hellip;]<\/p>\n","protected":false},"author":1787,"featured_media":0,"comment_status":"closed","ping_status":"closed","sticky":false,"template":"","format":"standard","meta":{"fifu_image_url":"","fifu_image_alt":"","footnotes":""},"categories":[78,54],"tags":[],"class_list":["post-79889","post","type-post","status-publish","format-standard","hentry","category-economie","category-maroc"],"_links":{"self":[{"href":"https:\/\/linitiative.ca\/International\/wp-json\/wp\/v2\/posts\/79889","targetHints":{"allow":["GET"]}}],"collection":[{"href":"https:\/\/linitiative.ca\/International\/wp-json\/wp\/v2\/posts"}],"about":[{"href":"https:\/\/linitiative.ca\/International\/wp-json\/wp\/v2\/types\/post"}],"author":[{"embeddable":true,"href":"https:\/\/linitiative.ca\/International\/wp-json\/wp\/v2\/users\/1787"}],"replies":[{"embeddable":true,"href":"https:\/\/linitiative.ca\/International\/wp-json\/wp\/v2\/comments?post=79889"}],"version-history":[{"count":0,"href":"https:\/\/linitiative.ca\/International\/wp-json\/wp\/v2\/posts\/79889\/revisions"}],"wp:attachment":[{"href":"https:\/\/linitiative.ca\/International\/wp-json\/wp\/v2\/media?parent=79889"}],"wp:term":[{"taxonomy":"category","embeddable":true,"href":"https:\/\/linitiative.ca\/International\/wp-json\/wp\/v2\/categories?post=79889"},{"taxonomy":"post_tag","embeddable":true,"href":"https:\/\/linitiative.ca\/International\/wp-json\/wp\/v2\/tags?post=79889"}],"curies":[{"name":"wp","href":"https:\/\/api.w.org\/{rel}","templated":true}]}}