{"id":79890,"date":"2020-03-23T16:35:19","date_gmt":"2020-03-23T20:35:19","guid":{"rendered":"https:\/\/linitiative.ca\/International\/aziz-bouslamti-la-tresorerie-des-entreprises-de-notre-secteur-est-en-souffrance\/"},"modified":"2020-03-23T16:35:19","modified_gmt":"2020-03-23T20:35:19","slug":"aziz-bouslamti-la-tresorerie-des-entreprises-de-notre-secteur-est-en-souffrance","status":"publish","type":"post","link":"https:\/\/linitiative.ca\/International\/aziz-bouslamti-la-tresorerie-des-entreprises-de-notre-secteur-est-en-souffrance\/","title":{"rendered":"Aziz Bouslamti: \u00ab La tr\u00e9sorerie des entreprises de notre secteur est en souffrance \u00bb"},"content":{"rendered":"<p><strong>Soucieux de la crise \u00e9conomique engendr\u00e9e par l\u2019\u00e9pid\u00e9mie du Covid-19 au Maroc, le GPPEM a mis en place une cellule de crise afin d\u2019identifier les solutions qui viendraient soulager les professionnels de l\u2019\u00e9v\u00e9nementiel. Aziz Bouslamti, Pr\u00e9sident du Groupement Professionnel des Prestataires de l\u2019Ev\u00e9nementiel au Maroc (GPPEM), revient sur les difficult\u00e9s que vit actuellement le secteur.<\/strong><\/p>\n<div class=\"c10\"\/>\n<p><strong>Challenge<\/strong>\u00a0: <strong>Tout d\u2019abord, pr\u00e9sentez nous en quelques mots le GPPEM.<\/strong><\/p>\n<p><strong>Aziz Bouslamti<\/strong>\u00a0: Le GROUPEMENT PROFESSIONNEL DES PRESTATAIRES DE L\u2019EVENEMENTIEL AU MAROC \u2013 GPPEM, association membre de la CGEM \u00e0 travers la F\u00e9d\u00e9ration du Commerce de du Service (FCS), regroupe les soci\u00e9t\u00e9s et les auto-entrepreneurs qui composent l\u2019\u00e9cosyst\u00e8me de l\u2019\u00e9v\u00e9nementiel. Le GPPEM, porte-parole majeur du secteur, a pour objectif de d\u00e9fendre les int\u00e9r\u00eats des organisateurs et des fournisseurs de manifestations et conf\u00e9rences au Maroc adh\u00e9rents de l\u2019association, et le d\u00e9veloppement de leurs capacit\u00e9s professionnelles, et en g\u00e9n\u00e9ral, de mener toutes les activit\u00e9s juridiques, \u00e9conomiques et financi\u00e8res directement ou indirectement li\u00e9es au domaine d\u2019activit\u00e9 de l\u2019association et visant \u00e0 atteindre ses objectifs et son d\u00e9veloppement. Le Groupement regroupe des professionnels de l\u2019\u00e9v\u00e9nementiel de plusieurs villes du Royaume du Maroc : Agadir, Berkane, Casablanca, F\u00e8s, La\u00e2ynoue, Marrakech, Mekn\u00e8s, Mohammedia, Oujda, Rabat, Sal\u00e9, Tanger, Tantan, T\u00e9mara\u2026<\/p>\n<p><strong>Challenge\u00a0: Dans quelle situation \u00e9conomique se trouve aujourd\u2019hui le secteur de l\u2019\u00e9v\u00e9nementiel\u00a0?<\/strong><\/p>\n<p><strong>Aziz Bouslamti<\/strong>\u00a0: Sans vouloir \u00eatre alarmiste, je peux vous dire que notre secteur est aussi sinistr\u00e9 que celui du tourisme. Nous sommes \u00e0 l\u2019arr\u00eat total depuis l\u2019annonce, courageuse et pertinente du gouvernement, de l\u2019annulation des \u00e9v\u00e9nements. Ce qu\u2019il faut retenir, c\u2019est la reprise qui ne se fera que dans 6 \u00e0 7 mois, car notre secteur vit des \u00e9v\u00e9nements institutionnels qui se d\u00e9roulent de mi-janvier \u00e0 d\u00e9but Ramadan, deux semaines apr\u00e8s ramadan et jusqu\u2019\u00e0 fin juin, la saison estivale n\u2019\u00e9tant pas propices aux congr\u00e8s, conf\u00e9rences et autres salons. Puis de mi-septembre \u00e0 mi-d\u00e9cembre. Avec le confinement, que nous encourageons, la p\u00e9riode pr\u00e9-\u00e9t\u00e9 est consid\u00e9r\u00e9e comme ch\u00f4m\u00e9e cette ann\u00e9e.<\/p>\n<p>Il y a aussi les professionnels sp\u00e9cialis\u00e9s dans les festivals qui sont dans la m\u00eame situation depuis l\u2019annonce des annulations en masse des \u00e9ditions de 2020. Il ne faut surtout pas oublier les prestataires qui fournissent tous ces \u00e9v\u00e9nements. Je veux citer les tapissiers, les menuisiers et les vendeurs de moquettes, tapis, tissus\u2026 Mais aussi les vendeurs d\u2019\u00e9quipements techniques, les \u00e9lectriciens, les agents de s\u00e9curit\u00e9s, les h\u00f4tesses, les interpr\u00e8tes\u2026<\/p>\n<p>D\u2019un autre c\u00f4t\u00e9, la tr\u00e9sorerie des entreprises de notre secteur est en souffrance. Nous devons recouvrer les \u00e9v\u00e9nements livr\u00e9s avant la crise, alors que nous sommes tributaires des donneurs d\u2019ordres, publics et priv\u00e9s, qui sont dans l\u2019incertitude. Les frais engag\u00e9s dans la pr\u00e9paration des \u00e9v\u00e9nements qui ont \u00e9t\u00e9 annul\u00e9s sont difficiles \u00e0 r\u00e9cup\u00e9rer, puisqu\u2019ils sont tributaires d\u2019un livrable qui ne se fera pas. Pour conclure, nous savons que notre CA sera r\u00e9duit \u00e0 son minimum en 2020.<\/p>\n<p><strong>Challenge\u00a0: Quelles solutions proposez-vous pour remonter la pente\u00a0?<\/strong><\/p>\n<p><strong>Aziz Bouslamti\u00a0<\/strong>: Je veux d\u2019abord remercier la F\u00e9d\u00e9ration du Commerce et des Services en g\u00e9n\u00e9ral et sa pr\u00e9sidente, Mme Bouchra Outaghani, en particulier, qui a pris en compte nos dol\u00e9ances lors de l\u2019\u00e9laboration de la proposition de la FCS \u00e0 la CGEM, dans le cadre de la s\u00e9rie de mesures propos\u00e9e au Comit\u00e9 de Veille Economique(CVE), pour la pr\u00e9servation de la situation \u00e9conomique du Maroc face au Coronavirus. Nos adh\u00e9rents pourront donc b\u00e9n\u00e9ficier de toutes les mesures accord\u00e9es par le CVE, comme toutes les entreprises membres de la CGEM. Sachant que ces mesures vont permettre de soutenir l\u2019entreprise marocaine durant les prochains mois. Nous demandons aussi aux diff\u00e9rents donneurs d\u2019ordre de ne pas annuler leurs \u00e9v\u00e9nements, mais de plut\u00f4t les reporter. Nous les invitons \u00e0 payer les prestations livr\u00e9es avant mars et les frais engag\u00e9s par les agences pour la pr\u00e9paration des \u00e9v\u00e9nements qui ont \u00e9t\u00e9 annul\u00e9s. Ceci permettra aux op\u00e9rateurs de l\u2019\u00e9v\u00e9nementiel de mieux supporter les effets de la crise.<\/p>\n<p><strong>Challenge\u00a0: Qu\u2019en est-il des TPE, des auto-entrepreneurs et des freelances du secteur\u00a0?<\/strong><\/p>\n<p><strong>Aziz Bouslamti\u00a0:<\/strong> Leur situation est encore plus d\u00e9licate. Ils sont tous d\u00e9pendants des grands op\u00e9rateurs du secteur, qui leur sous-traitent une partie des prestations. D\u2019ailleurs, le GPPEM a lanc\u00e9 la semaine derni\u00e8re un appel solennel incitant les op\u00e9rateurs du secteur \u00e0 soutenir leurs fournisseurs en payant les prestations livr\u00e9es durant les derniers mois au plus vite. L\u2019appel a \u00e9t\u00e9 suivi par nos adh\u00e9rents et m\u00eame par les tr\u00e8s rares op\u00e9rateurs qui n\u2019ont pas encore adh\u00e9r\u00e9 au GPPEM. Nous avons aussi demand\u00e9 \u00e0 nos adh\u00e9rents de soutenir financi\u00e8rement durant les prochains mois, dans la mesure du possible, les freelancers auxquels ils font souvent appel. Enfin, nous avons recommand\u00e9 le paiement des salaires au moins jusqu\u2019\u00e0 fin avril. Je tiens \u00e0 citer l\u2019exemple d\u2019un op\u00e9rateur de Rabat qui a d\u00e9bloqu\u00e9 la somme de 9 millions de dirhams dans ce sens.<\/p>\n<p><strong>Challenge\u00a0: Avez-vous appel\u00e9 \u00e0 la solidarit\u00e9 avec les autorit\u00e9s durant cette crise\u00a0?<\/strong><\/p>\n<p><strong>Aziz Bouslamti\u00a0<\/strong>: Nous le faisons depuis le d\u00e9but. Mais, je voudrais d\u2019abord saluer, au nom de tous les membres du GPPEM, le travail r\u00e9alis\u00e9 \u00e0 ce jour par le gouvernement, sous l\u2019impulsion de Sa Majest\u00e9 le Roi Mohammed VI, dans la lutte contre le Covid-19. Et, afin de soutenir cette action, nous avons invit\u00e9 nos adh\u00e9rents \u00e0 mettre \u00e0 la disposition des autorit\u00e9s leur mat\u00e9riel et leur expertise durant les prochaines semaines. Certains l\u2019ont d\u00e9j\u00e0 fait. Nous avons un confr\u00e8re qui a mis \u00e0 la disposition de la Wilaya de Rabat son mat\u00e9riel roulant et des haut-parleurs pour diffuser des messages dans la rue. Un op\u00e9rateur de Casablanca a propos\u00e9 au minist\u00e8re de l\u2019\u00e9ducation de l\u2019accompagner dans le dispositif de e-learning mis en place depuis la fermeture des \u00e9coles. Nous restons \u00e0 l\u2019\u00e9coute des besoins du gouvernement durant les prochains jours, en vue de les soutenir autant que possible.<\/p>\n<p><strong>Challenge\u00a0: Quelle projection vous faites sur l\u2019avenir de votre secteur\u00a0?<\/strong><\/p>\n<p><strong>Aziz Bouslamti\u00a0<\/strong>: Je reste serein, mais aussi r\u00e9aliste. Les prochains mois seront assez difficiles pour les membres du GPPEM. N\u00e9anmoins, nous faisons confiance \u00e0 nos gouvernants pour soutenir le secteur de l\u2019\u00e9v\u00e9nementiel durant les prochains mois.<\/p>\n<div class=\"c17\">\n<fieldset class=\"c16\">\n<legend><strong><span class=\"c11\">Challenge<\/span><span class=\"c12\">news<\/span><\/strong><\/legend>\n<div class=\"c15\">Le meilleur de Challenge s\u00e9lectionn\u00e9 par la r\u00e9daction :<\/p>\n<\/div>\n<\/fieldset>\n<\/div>\n<p>Auteur: challenge<br \/>\n<a href=\"https:\/\/www.challenge.ma\/aziz-bouslamti-la-tresorerie-des-entreprises-de-notre-secteur-est-en-souffrance-133918\/\">Cliquez ici pour lire l&rsquo;article depuis sa source.<\/a><\/p>\n","protected":false},"excerpt":{"rendered":"<p>Soucieux de la crise \u00e9conomique engendr\u00e9e par l\u2019\u00e9pid\u00e9mie du Covid-19 au Maroc, le GPPEM a mis en place une cellule de crise afin d\u2019identifier les solutions qui viendraient soulager les professionnels de l\u2019\u00e9v\u00e9nementiel. Aziz Bouslamti, Pr\u00e9sident du Groupement Professionnel des Prestataires de l\u2019Ev\u00e9nementiel au Maroc (GPPEM), revient sur les difficult\u00e9s que vit actuellement le secteur. [&hellip;]<\/p>\n","protected":false},"author":1787,"featured_media":0,"comment_status":"closed","ping_status":"closed","sticky":false,"template":"","format":"standard","meta":{"fifu_image_url":"","fifu_image_alt":"","footnotes":""},"categories":[78,54],"tags":[],"class_list":["post-79890","post","type-post","status-publish","format-standard","hentry","category-economie","category-maroc"],"_links":{"self":[{"href":"https:\/\/linitiative.ca\/International\/wp-json\/wp\/v2\/posts\/79890","targetHints":{"allow":["GET"]}}],"collection":[{"href":"https:\/\/linitiative.ca\/International\/wp-json\/wp\/v2\/posts"}],"about":[{"href":"https:\/\/linitiative.ca\/International\/wp-json\/wp\/v2\/types\/post"}],"author":[{"embeddable":true,"href":"https:\/\/linitiative.ca\/International\/wp-json\/wp\/v2\/users\/1787"}],"replies":[{"embeddable":true,"href":"https:\/\/linitiative.ca\/International\/wp-json\/wp\/v2\/comments?post=79890"}],"version-history":[{"count":0,"href":"https:\/\/linitiative.ca\/International\/wp-json\/wp\/v2\/posts\/79890\/revisions"}],"wp:attachment":[{"href":"https:\/\/linitiative.ca\/International\/wp-json\/wp\/v2\/media?parent=79890"}],"wp:term":[{"taxonomy":"category","embeddable":true,"href":"https:\/\/linitiative.ca\/International\/wp-json\/wp\/v2\/categories?post=79890"},{"taxonomy":"post_tag","embeddable":true,"href":"https:\/\/linitiative.ca\/International\/wp-json\/wp\/v2\/tags?post=79890"}],"curies":[{"name":"wp","href":"https:\/\/api.w.org\/{rel}","templated":true}]}}