{"id":79891,"date":"2020-03-23T17:10:43","date_gmt":"2020-03-23T21:10:43","guid":{"rendered":"https:\/\/linitiative.ca\/International\/fonds-special-covid-19-la-dgi-consacre-la-deductibilite-des-contributions\/"},"modified":"2020-03-23T17:10:43","modified_gmt":"2020-03-23T21:10:43","slug":"fonds-special-covid-19-la-dgi-consacre-la-deductibilite-des-contributions","status":"publish","type":"post","link":"https:\/\/linitiative.ca\/International\/fonds-special-covid-19-la-dgi-consacre-la-deductibilite-des-contributions\/","title":{"rendered":"Fonds Sp\u00e9cial Covid-19 : La DGI consacre la d\u00e9ductibilit\u00e9 des contributions"},"content":{"rendered":"<p><strong>Selon le fisc, les contributions re\u00e7ues par le fonds sont trait\u00e9es comme des dons rev\u00eatant le caract\u00e8re de charges comptables d\u00e9ductibles du r\u00e9sultat fiscal.<\/strong><\/p>\n<div class=\"c10\"\/>\n<p>Depuis le lancement du \u00ab\u00a0<strong>fonds sp\u00e9cial<\/strong> pour la gestion de la pand\u00e9mie du coronavirus (Covid-19)\u00a0\u00bb, sous l\u2019impulsion de SM le Roi Mohammed VI, les entreprises (toutes tailles et tous secteurs confondus), et les particuliers ne m\u00e9nagent aucun effort pour r\u00e9pondre \u00e0 cet appel national \u00e0 la solidarit\u00e9. Pr\u00e8s de 28 milliards de DH ont d\u2019ores et d\u00e9j\u00e0 \u00e9t\u00e9 collect\u00e9s. Et, l\u2019\u00e9lan de <strong>solidarit\u00e9<\/strong> devrait se poursuivre.<\/p>\n<p>Pour accompagner cette bonne dynamique, la Direction g\u00e9n\u00e9rale des imp\u00f4ts (DGI) vient de consacrer la <strong>d\u00e9ductibilit\u00e9<\/strong> des dons re\u00e7us par le fonds sp\u00e9cial. En effet, par le biais d\u2019un communiqu\u00e9 rendu public le 23 mars, le fisc rappelle qu\u2019 \u00ab\u00a0en ex\u00e9cution des hautes instructions de SM le Roi Mohamed VI que Dieu le glorifie, un fonds a \u00e9t\u00e9 cr\u00e9\u00e9, intitul\u00e9 fonds sp\u00e9cial pour la gestion de la pand\u00e9mie du coronavirus (<strong>Covid-19<\/strong>), par d\u00e9cret n\u00b0 2.20.269 publi\u00e9 au Bulletin officiel le mardi 22 Rajab 1441 (17 mars 2020)\u00a0\u00bb.<\/p>\n<p>Lire aussi: <a href=\"https:\/\/www.challenge.ma\/coronavirus-open-africa-partners-veut-co-construire-un-appareil-dassistance-respiratoire-low-cost-pour-le-maroc-et-lafrique-133895\/\">Coronavirus : Open Africa Partners veut co-construire un appareil d\u2019assistance respiratoire low cost pour le Maroc et l\u2019Afrique<\/a><\/p>\n<p>\u00ab\u00a0La cr\u00e9ation de ce fonds entre dans le cadre des mesures urgentes mises en \u0153uvre pour faire face aux r\u00e9percussions de cette pand\u00e9mie sur les plans sanitaire, social et \u00e9conomique. A cet effet, les personnes physiques ou morales contribuent \u00e0 ce fonds sous forme de dons en argent pour soutenir cet effort national de solidarit\u00e9. Dans ce contexte, les contributions pr\u00e9cit\u00e9es sont trait\u00e9es comme des dons rev\u00eatant le caract\u00e8re de charges comptables d\u00e9ductibles du r\u00e9sultat fiscal\u00a0\u00bb, a indiqu\u00e9 la DGI.<\/p>\n<div class=\"c17\">\n<fieldset class=\"c16\">\n<legend><strong><span class=\"c11\">Challenge<\/span><span class=\"c12\">news<\/span><\/strong><\/legend>\n<div class=\"c15\">Le meilleur de Challenge s\u00e9lectionn\u00e9 par la r\u00e9daction :<\/p>\n<\/div>\n<\/fieldset>\n<\/div>\n<p>Auteur: challenge<br \/>\n<a href=\"https:\/\/www.challenge.ma\/fonds-special-covid-19-la-dgi-consacre-la-deductibilite-des-contributions-133932\/\">Cliquez ici pour lire l&rsquo;article depuis sa source.<\/a><\/p>\n","protected":false},"excerpt":{"rendered":"<p>Selon le fisc, les contributions re\u00e7ues par le fonds sont trait\u00e9es comme des dons rev\u00eatant le caract\u00e8re de charges comptables d\u00e9ductibles du r\u00e9sultat fiscal. Depuis le lancement du \u00ab\u00a0fonds sp\u00e9cial pour la gestion de la pand\u00e9mie du coronavirus (Covid-19)\u00a0\u00bb, sous l\u2019impulsion de SM le Roi Mohammed VI, les entreprises (toutes tailles et tous secteurs confondus), [&hellip;]<\/p>\n","protected":false},"author":1787,"featured_media":0,"comment_status":"closed","ping_status":"closed","sticky":false,"template":"","format":"standard","meta":{"fifu_image_url":"","fifu_image_alt":"","footnotes":""},"categories":[78,54],"tags":[],"class_list":["post-79891","post","type-post","status-publish","format-standard","hentry","category-economie","category-maroc"],"_links":{"self":[{"href":"https:\/\/linitiative.ca\/International\/wp-json\/wp\/v2\/posts\/79891","targetHints":{"allow":["GET"]}}],"collection":[{"href":"https:\/\/linitiative.ca\/International\/wp-json\/wp\/v2\/posts"}],"about":[{"href":"https:\/\/linitiative.ca\/International\/wp-json\/wp\/v2\/types\/post"}],"author":[{"embeddable":true,"href":"https:\/\/linitiative.ca\/International\/wp-json\/wp\/v2\/users\/1787"}],"replies":[{"embeddable":true,"href":"https:\/\/linitiative.ca\/International\/wp-json\/wp\/v2\/comments?post=79891"}],"version-history":[{"count":0,"href":"https:\/\/linitiative.ca\/International\/wp-json\/wp\/v2\/posts\/79891\/revisions"}],"wp:attachment":[{"href":"https:\/\/linitiative.ca\/International\/wp-json\/wp\/v2\/media?parent=79891"}],"wp:term":[{"taxonomy":"category","embeddable":true,"href":"https:\/\/linitiative.ca\/International\/wp-json\/wp\/v2\/categories?post=79891"},{"taxonomy":"post_tag","embeddable":true,"href":"https:\/\/linitiative.ca\/International\/wp-json\/wp\/v2\/tags?post=79891"}],"curies":[{"name":"wp","href":"https:\/\/api.w.org\/{rel}","templated":true}]}}