{"id":79896,"date":"2020-03-23T17:16:54","date_gmt":"2020-03-23T21:16:54","guid":{"rendered":"https:\/\/linitiative.ca\/International\/tunisie-affrontements-entre-les-forces-de-lordre-et-des-protestataires-a-chott-mariem\/"},"modified":"2020-03-23T17:16:54","modified_gmt":"2020-03-23T21:16:54","slug":"tunisie-affrontements-entre-les-forces-de-lordre-et-des-protestataires-a-chott-mariem","status":"publish","type":"post","link":"https:\/\/linitiative.ca\/International\/tunisie-affrontements-entre-les-forces-de-lordre-et-des-protestataires-a-chott-mariem\/","title":{"rendered":"Tunisie \u2013 Affrontements entre les forces de l\u2019ordre et des protestataires \u00e0 Chott Mariem"},"content":{"rendered":"<div class=\"post-cont-in left relative\">\n<p>Un nombre de citoyens m\u00e9contents de la mise en confinement d\u2019un grand nombre d\u2019individus arriv\u00e9s, hier d\u2019Istanbul, dans une structure de la localit\u00e9. Ces protestations ont d\u00e9g\u00e9n\u00e9r\u00e9 et les policiers ont d\u00fb user de gaz lacrymog\u00e8nes pour disperser les protestataires.<\/p>\n<div class=\"code-block code-block-1 c3\"><ins class=\"adsbygoogle c2\" data-ad-layout=\"in-article\" data-ad-format=\"fluid\" data-ad-client=\"ca-pub-2102118777505746\" data-ad-slot=\"7301775417\"\/> <\/div>\n<p>Le gouverneur de Sousse s\u2019est d\u00e9plac\u00e9 sur les lieux en compagnie du d\u00e9put\u00e9 Ridha Charfeddine et de l\u2019homme d\u2019affaires Hafedh Zouari, pour essayer de convaincre ces protestataires de l\u2019obligation, pour l\u2019int\u00e9r\u00eat de tout le monde de maintenir ces individus en quarantaine.<\/p>\n<div class=\"swp_social_panel swp_horizontal_panel swp_flat_fresh swp_default_full_color swp_individual_full_color swp_other_full_color scale-100 scale-\" data-min-width=\"1100\" data-float-color=\"#ffffff\" data-float=\"bottom\" data-float-mobile=\"bottom\" data-transition=\"slide\">\n<div class=\"nc_tweetContainer swp_share_button total_shares total_sharesalt\"><span class=\"swp_count\">5 <span class=\"swp_label\">Partages<\/span><\/span><\/div>\n<\/div>\n<p><strong>Que se passe-t-il en Tunisie?<\/strong><br \/>Nous expliquons sur notre <a href=\"https:\/\/www.youtube.com\/channel\/UCRzypVq0B_yBad5eGrwBx0Q?sub_confirmation=1\" target=\"_blank\" rel=\"noopener noreferrer\">cha\u00eene YouTube<\/a> . <a href=\"https:\/\/www.youtube.com\/channel\/UCRzypVq0B_yBad5eGrwBx0Q?sub_confirmation=1\" target=\"_blank\" rel=\"noopener noreferrer\">Abonnez-vous!<\/a><\/p>\n<div class=\"mvp-org-wrap mvp-org-logo\" itemprop=\"publisher\" itemscope=\"\" itemtype=\"https:\/\/schema.org\/Organization\"><img decoding=\"async\" src=\"https:\/\/www.tunisienumerique.com\/wp-content\/uploads\/2017\/02\/logo_tunisie_numerique.png\"\/><\/div>\n<div class=\"mvp-related-posts left relative\">\n<h4 class=\"post-header\"><span class=\"post-header\">Lire aussi<\/span><\/h4>\n<\/div>\n<div id=\"article-ad\"><ins class=\"adsbygoogle c4\" data-ad-client=\"ca-pub-2102118777505746\" data-ad-slot=\"6513972734\" data-ad-format=\"auto\" data-full-width-responsive=\"true\"\/> <\/div>\n<\/div>\n<div id=\"post-sidebar-wrap\"><ins class=\"adsbygoogle c4\" data-ad-client=\"ca-pub-2102118777505746\" data-ad-slot=\"6168283410\" data-ad-format=\"auto\" data-full-width-responsive=\"true\"\/> <\/div>\n<p>Auteur: LM<br \/>\n<a href=\"https:\/\/www.tunisienumerique.com\/tunisie-affrontements-entre-les-forces-de-lordre-et-des-protestataires-a-chott-mariem\/\">Cliquez ici pour lire l&rsquo;article depuis sa source.<\/a><\/p>\n","protected":false},"excerpt":{"rendered":"<p>Un nombre de citoyens m\u00e9contents de la mise en confinement d\u2019un grand nombre d\u2019individus arriv\u00e9s, hier d\u2019Istanbul, dans une structure de la localit\u00e9. Ces protestations ont d\u00e9g\u00e9n\u00e9r\u00e9 et les policiers ont d\u00fb user de gaz lacrymog\u00e8nes pour disperser les protestataires. Le gouverneur de Sousse s\u2019est d\u00e9plac\u00e9 sur les lieux en compagnie du d\u00e9put\u00e9 Ridha Charfeddine [&hellip;]<\/p>\n","protected":false},"author":1789,"featured_media":79897,"comment_status":"closed","ping_status":"closed","sticky":false,"template":"","format":"standard","meta":{"fifu_image_url":"","fifu_image_alt":"","footnotes":""},"categories":[73,55],"tags":[],"class_list":["post-79896","post","type-post","status-publish","format-standard","has-post-thumbnail","hentry","category-actualite","category-tunisie"],"_links":{"self":[{"href":"https:\/\/linitiative.ca\/International\/wp-json\/wp\/v2\/posts\/79896","targetHints":{"allow":["GET"]}}],"collection":[{"href":"https:\/\/linitiative.ca\/International\/wp-json\/wp\/v2\/posts"}],"about":[{"href":"https:\/\/linitiative.ca\/International\/wp-json\/wp\/v2\/types\/post"}],"author":[{"embeddable":true,"href":"https:\/\/linitiative.ca\/International\/wp-json\/wp\/v2\/users\/1789"}],"replies":[{"embeddable":true,"href":"https:\/\/linitiative.ca\/International\/wp-json\/wp\/v2\/comments?post=79896"}],"version-history":[{"count":0,"href":"https:\/\/linitiative.ca\/International\/wp-json\/wp\/v2\/posts\/79896\/revisions"}],"wp:featuredmedia":[{"embeddable":true,"href":"https:\/\/linitiative.ca\/International\/wp-json\/"}],"wp:attachment":[{"href":"https:\/\/linitiative.ca\/International\/wp-json\/wp\/v2\/media?parent=79896"}],"wp:term":[{"taxonomy":"category","embeddable":true,"href":"https:\/\/linitiative.ca\/International\/wp-json\/wp\/v2\/categories?post=79896"},{"taxonomy":"post_tag","embeddable":true,"href":"https:\/\/linitiative.ca\/International\/wp-json\/wp\/v2\/tags?post=79896"}],"curies":[{"name":"wp","href":"https:\/\/api.w.org\/{rel}","templated":true}]}}