{"id":79903,"date":"2020-03-23T13:18:05","date_gmt":"2020-03-23T17:18:05","guid":{"rendered":"https:\/\/linitiative.ca\/International\/guillaume-soro-fier-de-marcel-amon-tanoh-apres-sa-demission-du-gouvernement-ivoirien\/"},"modified":"2020-03-23T13:18:05","modified_gmt":"2020-03-23T17:18:05","slug":"guillaume-soro-fier-de-marcel-amon-tanoh-apres-sa-demission-du-gouvernement-ivoirien","status":"publish","type":"post","link":"https:\/\/linitiative.ca\/International\/guillaume-soro-fier-de-marcel-amon-tanoh-apres-sa-demission-du-gouvernement-ivoirien\/","title":{"rendered":"Guillaume Soro \u00abfier\u00bb de Marcel Amon-Tanoh apr\u00e8s sa d\u00e9mission du gouvernement ivoirien"},"content":{"rendered":"<div readability=\"32\">\n<p>Publi\u00e9 le 23.03.2020 \u00e0 18h18 par APA News<\/p>\n<\/div>\n<div readability=\"81\">\n<p>L\u2019ancien pr\u00e9sident de l\u2019Assembl\u00e9e nationale ivoirienne, Guillaume Kigbafori Soro qui est en exil en Europe, a dit lundi \u00eatre \u00ab fier\u00bb de Marcel Amon-Tanoh, l\u2019ex-ministre ivoirien des Affaires \u00e9trang\u00e8res qui a d\u00e9missionn\u00e9 la semaine derni\u00e8re du gouvernement.\u00abAu moment o\u00f9 tu rends ta d\u00e9mission du gouvernement, je n\u2019ai pu en ce 19 mars 2020, r\u00e9sister \u00e0 l\u2019irr\u00e9pressible tentation de rendre t\u00e9moignage de ta loyaut\u00e9 envers M. Alassane Ouattara\u2026 C\u2019est pourquoi aujourd\u2019hui, je suis fier de l\u2019homme que j\u2019ai connu et avec qui j\u2019ai chemin\u00e9. Cet homme qui ne se laisse ni intimider, ni manipuler tant son amour pour la C\u00f4te d\u2019Ivoire est sinc\u00e8re et vrai \u00bb, a \u00e9crit M. Soro dans une lettre ouverte \u00e0 M. Amon-Tanoh.<\/p>\n<p>\u00a0\u00ab A l\u2019\u00e9poque, tu m\u2019avais fait le reproche de prendre la d\u00e9cision de d\u00e9missionner au lieu d\u2019opter pour l\u2019extr\u00e9misme, \u00a0de rester au RHDP, de bousculer les positions, pour changer les choses de l\u2019int\u00e9rieur. Toi tu y as cru plus que moi, par sagesse peut-\u00eatre. Mais ma position \u00e9tait que l\u2019extr\u00e9misme \u00a0n\u2019avait jamais \u00e9t\u00e9 une solution, car l\u2019appareil politique ne pouvait que nous broyer\u00bb, a estim\u00e9 M. Soro rappelant le souvenir de son combat commun avec M. Amon-Tanoh depuis les ann\u00e9es 2000 pour l\u2019accession au pouvoir de l\u2019actuel pr\u00e9sident Alassane Ouattara.<\/p>\n<p>Poursuivant, M. Soro a insist\u00e9 sur la fid\u00e9lit\u00e9 dont a fait preuve M. Amon-Tanoh \u00e0 l\u2019endroit de M. Ouattara pendant de nombreuses ann\u00e9es affirmant \u00ab qu\u2019il est bien curieux que ceux qui ont eu le courage de leurs opinions dans l\u2019\u00e9quipe de M. Ouattara et de les affirmer avec sinc\u00e9rit\u00e9 sont devenus des parias\u00bb.<\/p>\n<p>\u00ab Aujourd\u2019hui, te voil\u00e0 dans l\u2019ar\u00e8ne politique cher Marcel ! Je pr\u00e9f\u00e8re te pr\u00e9venir que la calomnie, la m\u00e9chancet\u00e9 te frapperont comme je l\u2019ai \u00e9t\u00e9 et je le suis encore\u00bb, a pr\u00e9venu M. Soro indiquant que cette lettre n\u2019a pas pour objectif un \u00ab calcul politique \u00bb.<\/p>\n<p>Comme M. Soro qui a d\u00e9missionn\u00e9 l\u2019an dernier de la pr\u00e9sidence du parlement ivoirien pour \u00abdivergence d\u2019opinion \u00bb avec M. Ouattara, M. Amon-Tanoh a annonc\u00e9 lui-m\u00eame la semaine derni\u00e8re sa d\u00e9mission du gouvernement ivoirien sans donner les motivations.<\/p>\n<p>M. Amon-tanoh qui a \u00e9t\u00e9 pendant de longues ann\u00e9es l\u2019un des plus proches collaborateurs de M. Ouattara, est soup\u00e7onn\u00e9 d\u2019avoir des ambitions pr\u00e9sidentielles. Il \u00e9tait absent au dernier Conseil politique du Rassemblement des houphou\u00ebtistes pour la d\u00e9mocratie et la paix ( RHDP, parti pr\u00e9sidentiel), son parti qui a d\u00e9sign\u00e9 le premier ministre Amadou Gon Coulibaly comme le candidat de la coalition au pouvoir.<\/p>\n<\/div>\n<p>Auteur: APA News<br \/>\n<a href=\"https:\/\/www.journalducameroun.com\/guillaume-soro-fier-de-marcel-amon-tanoh-apres-sa-demission-du-gouvernement-ivoirien\/\">Cliquez ici pour lire l&rsquo;article depuis sa source.<\/a><\/p>\n","protected":false},"excerpt":{"rendered":"<p>Publi\u00e9 le 23.03.2020 \u00e0 18h18 par APA News L\u2019ancien pr\u00e9sident de l\u2019Assembl\u00e9e nationale ivoirienne, Guillaume Kigbafori Soro qui est en exil en Europe, a dit lundi \u00eatre \u00ab fier\u00bb de Marcel Amon-Tanoh, l\u2019ex-ministre ivoirien des Affaires \u00e9trang\u00e8res qui a d\u00e9missionn\u00e9 la semaine derni\u00e8re du gouvernement.\u00abAu moment o\u00f9 tu rends ta d\u00e9mission du gouvernement, je n\u2019ai [&hellip;]<\/p>\n","protected":false},"author":1965,"featured_media":0,"comment_status":"closed","ping_status":"closed","sticky":false,"template":"","format":"standard","meta":{"fifu_image_url":"","fifu_image_alt":"","footnotes":""},"categories":[73,82],"tags":[],"class_list":["post-79903","post","type-post","status-publish","format-standard","hentry","category-actualite","category-cameroun"],"_links":{"self":[{"href":"https:\/\/linitiative.ca\/International\/wp-json\/wp\/v2\/posts\/79903","targetHints":{"allow":["GET"]}}],"collection":[{"href":"https:\/\/linitiative.ca\/International\/wp-json\/wp\/v2\/posts"}],"about":[{"href":"https:\/\/linitiative.ca\/International\/wp-json\/wp\/v2\/types\/post"}],"author":[{"embeddable":true,"href":"https:\/\/linitiative.ca\/International\/wp-json\/wp\/v2\/users\/1965"}],"replies":[{"embeddable":true,"href":"https:\/\/linitiative.ca\/International\/wp-json\/wp\/v2\/comments?post=79903"}],"version-history":[{"count":0,"href":"https:\/\/linitiative.ca\/International\/wp-json\/wp\/v2\/posts\/79903\/revisions"}],"wp:attachment":[{"href":"https:\/\/linitiative.ca\/International\/wp-json\/wp\/v2\/media?parent=79903"}],"wp:term":[{"taxonomy":"category","embeddable":true,"href":"https:\/\/linitiative.ca\/International\/wp-json\/wp\/v2\/categories?post=79903"},{"taxonomy":"post_tag","embeddable":true,"href":"https:\/\/linitiative.ca\/International\/wp-json\/wp\/v2\/tags?post=79903"}],"curies":[{"name":"wp","href":"https:\/\/api.w.org\/{rel}","templated":true}]}}