{"id":79904,"date":"2020-03-23T14:18:04","date_gmt":"2020-03-23T18:18:04","guid":{"rendered":"https:\/\/linitiative.ca\/International\/cote-divoire-assoa-adou-ne-defere-pas-a-une-convocation-de-police-ses-avocats-soulevent-une-exception\/"},"modified":"2020-03-23T14:18:04","modified_gmt":"2020-03-23T18:18:04","slug":"cote-divoire-assoa-adou-ne-defere-pas-a-une-convocation-de-police-ses-avocats-soulevent-une-exception","status":"publish","type":"post","link":"https:\/\/linitiative.ca\/International\/cote-divoire-assoa-adou-ne-defere-pas-a-une-convocation-de-police-ses-avocats-soulevent-une-exception\/","title":{"rendered":"C\u00f4te d\u2019Ivoire: Assoa Adou, ne d\u00e9f\u00e8re pas \u00e0 une convocation de police, ses avocats soul\u00e8vent une exception"},"content":{"rendered":"<div readability=\"32\">\n<p>Publi\u00e9 le 23.03.2020 \u00e0 19h18 par APA News<\/p>\n<\/div>\n<div readability=\"100\">\n<p>Convoqu\u00e9 \u00e0 la pr\u00e9fecture de police d\u2019Abidjan, lundi, Assoa Adou, leader d\u2019une frange du Front populaire ivoirien (FPI, opposition), le parti de Laurent Gbagbo, ne s\u2019y est pas rendu, car pour ses avocats, en tant qu\u2019ancien ministre et ancien d\u00e9put\u00e9, il y a un vice de proc\u00e9dure.Dans un communiqu\u00e9 dont APA a re\u00e7u copie, le collectif des avocats \u00ab constate que la convocation de la pr\u00e9fecture de police intervient, alors que la proc\u00e9dure sp\u00e9ciale li\u00e9e aux qualit\u00e9s d\u2019ancien d\u00e9put\u00e9 et d\u2019ancien ministre de M. Assoa Adou n\u2019a pas \u00e9t\u00e9 observ\u00e9e \u00bb. \u00a0<\/p>\n<p>Le collectif des avocats de M. Assoa Adou note qu\u2019en application des dispositions de l\u2019article 17 du Code p\u00e9nal, si la loi p\u00e9nale s\u2019applique \u00e0 tous \u00e9galement par principe, cette application doit tenir compte de la qualit\u00e9 sp\u00e9ciale de certaines personnes.\u00a0<\/p>\n<p>Pour ses avocats, il est de notori\u00e9t\u00e9 publique que leur client est un ancien d\u00e9put\u00e9 \u00e9lu dans la commune de Cocody (2000-2010), ancien ministre de la Construction et de l\u2019urbanisme, ancien ministre des Eaux et for\u00eats et ancien ministre de la d\u00e9fense (2000-2005).<\/p>\n<p>Par cons\u00e9quent, rappellent-ils, \u00ab M. Assoa Adou b\u00e9n\u00e9ficie de plein droit des dispositions de l\u2019article 43 de la loi n\u00b02005 201 du 16 juin 2005 portant statut d\u2019ancien pr\u00e9sident de la R\u00e9publique, ancien chef ou pr\u00e9sident d\u2019institution nationale et d\u2019ancien membre du gouvernement \u00bb.<\/p>\n<p>Le Code de proc\u00e9dure p\u00e9nale impose notamment au procureur de la R\u00e9publique qui entend poursuivre un ancien ministre ou un ancien d\u00e9put\u00e9, d\u2019adresser pr\u00e9alablement une requ\u00eate au Conseil sup\u00e9rieur de la magistrature qui seul, est habilit\u00e9 \u00e0 autoriser les poursuites.<\/p>\n<p>Le collectif des avocats de M. Assoa Adou annoncent avoir saisi ce jour par courrier, le procureur g\u00e9n\u00e9ral pr\u00e8s la Cour d\u2019appel d\u2019Abidjan en sa qualit\u00e9 de surveillant de la police judiciaire et le procureur de la R\u00e9publique pr\u00e8s le Tribunal de premi\u00e8re instance d\u2019Abidjan en sa qualit\u00e9 de directeur de la police judiciaire afin de leur demander d\u2019inviter le pr\u00e9fet de police \u00e0 se conformer \u00e0 la loi. \u00a0<\/p>\n<p>Respectueux des institutions de la R\u00e9publique en g\u00e9n\u00e9ral et de la justice de son pays en particulier, M. Assoa Adou, secr\u00e9taire g\u00e9n\u00e9ral du FPI, \u00ab se tient disponible pour r\u00e9pondre aux autorit\u00e9s judiciaires \u00bb, assure le collectif d\u2019avocat de ce pro-Gbagbo.\u00a0<\/p>\n<p>Selon la l\u00e9gislation ivoirienne, la proc\u00e9dure applicable en mati\u00e8re de poursuite ou d\u2019arrestation d\u2019un ancien membre du gouvernement est celle pr\u00e9vue au titre 9 du Code de proc\u00e9dure p\u00e9nale pour les crimes et d\u00e9lits commis \u00e9galement par des magistrats et certains fonctionnaires. \u00a0<\/p>\n<p>Le samedi 21 mars 2020, la pr\u00e9fecture de police d\u2019Abidjan a d\u00e9laiss\u00e9 au domicile de M. Assoa Adou, le Secr\u00e9taire g\u00e9n\u00e9ral du Front populaire ivoirien, une convocation l\u2019invitant \u00e0 se pr\u00e9senter au service des enqu\u00eates g\u00e9n\u00e9rales de ladite pr\u00e9fecture le lundi 23 mars 2020, \u00e0 10 heures (GMT).\u00a0<\/p>\n<\/div>\n<p>Auteur: APA News<br \/>\n<a href=\"https:\/\/www.journalducameroun.com\/cote-divoire-assoa-adou-ne-defere-pas-a-une-convocation-de-police-ses-avocats-soulevent-une-exception\/\">Cliquez ici pour lire l&rsquo;article depuis sa source.<\/a><\/p>\n","protected":false},"excerpt":{"rendered":"<p>Publi\u00e9 le 23.03.2020 \u00e0 19h18 par APA News Convoqu\u00e9 \u00e0 la pr\u00e9fecture de police d\u2019Abidjan, lundi, Assoa Adou, leader d\u2019une frange du Front populaire ivoirien (FPI, opposition), le parti de Laurent Gbagbo, ne s\u2019y est pas rendu, car pour ses avocats, en tant qu\u2019ancien ministre et ancien d\u00e9put\u00e9, il y a un vice de proc\u00e9dure.Dans [&hellip;]<\/p>\n","protected":false},"author":1965,"featured_media":0,"comment_status":"closed","ping_status":"closed","sticky":false,"template":"","format":"standard","meta":{"fifu_image_url":"","fifu_image_alt":"","footnotes":""},"categories":[73,82],"tags":[],"class_list":["post-79904","post","type-post","status-publish","format-standard","hentry","category-actualite","category-cameroun"],"_links":{"self":[{"href":"https:\/\/linitiative.ca\/International\/wp-json\/wp\/v2\/posts\/79904","targetHints":{"allow":["GET"]}}],"collection":[{"href":"https:\/\/linitiative.ca\/International\/wp-json\/wp\/v2\/posts"}],"about":[{"href":"https:\/\/linitiative.ca\/International\/wp-json\/wp\/v2\/types\/post"}],"author":[{"embeddable":true,"href":"https:\/\/linitiative.ca\/International\/wp-json\/wp\/v2\/users\/1965"}],"replies":[{"embeddable":true,"href":"https:\/\/linitiative.ca\/International\/wp-json\/wp\/v2\/comments?post=79904"}],"version-history":[{"count":0,"href":"https:\/\/linitiative.ca\/International\/wp-json\/wp\/v2\/posts\/79904\/revisions"}],"wp:attachment":[{"href":"https:\/\/linitiative.ca\/International\/wp-json\/wp\/v2\/media?parent=79904"}],"wp:term":[{"taxonomy":"category","embeddable":true,"href":"https:\/\/linitiative.ca\/International\/wp-json\/wp\/v2\/categories?post=79904"},{"taxonomy":"post_tag","embeddable":true,"href":"https:\/\/linitiative.ca\/International\/wp-json\/wp\/v2\/tags?post=79904"}],"curies":[{"name":"wp","href":"https:\/\/api.w.org\/{rel}","templated":true}]}}