{"id":79905,"date":"2020-03-23T14:18:07","date_gmt":"2020-03-23T18:18:07","guid":{"rendered":"https:\/\/linitiative.ca\/International\/lancement-dune-chaine-de-solidarite-pour-lutter-contre-le-coronavirus-en-cote-divoire\/"},"modified":"2020-03-23T14:18:07","modified_gmt":"2020-03-23T18:18:07","slug":"lancement-dune-chaine-de-solidarite-pour-lutter-contre-le-coronavirus-en-cote-divoire","status":"publish","type":"post","link":"https:\/\/linitiative.ca\/International\/lancement-dune-chaine-de-solidarite-pour-lutter-contre-le-coronavirus-en-cote-divoire\/","title":{"rendered":"Lancement d\u2019une cha\u00eene de solidarit\u00e9 pour lutter contre le coronavirus en C\u00f4te d\u2019Ivoire"},"content":{"rendered":"<div readability=\"32\">\n<p>Publi\u00e9 le 23.03.2020 \u00e0 19h18 par APA News<\/p>\n<\/div>\n<div readability=\"84\">\n<p>La ministre ivoirienne de la Solidarit\u00e9, de la coh\u00e9sion sociale et de la lutte contre la pauvret\u00e9, Pr Mariatou Kon\u00e9 a lanc\u00e9 lundi \u00e0 Abobo ( Nord d\u2019Abidjan), une campagne de sensibilisation et de solidarit\u00e9 en vue de lutter contre la propagation de la maladie \u00e0 coronavirus en C\u00f4te d\u2019Ivoire o\u00f9 25 cas ont \u00e9t\u00e9 confirm\u00e9s.\u00ab Le gouvernement envoie \u00a0du gel, du savon, des gangs et des masques. Tous ceux qui peuvent donner quelque chose \u00a0pour distribuer peuvent le d\u00e9poser au minist\u00e8re, dans les directions d\u00e9partementales ou dans les pr\u00e9fectures\u2026Il faut qu\u2019on \u00a0s\u2019organise \u00e0 cr\u00e9er cette cha\u00eene de solidarit\u00e9 pour combattre cette maladie\u00bb, a exhort\u00e9 Mme Kon\u00e9 lors du lancement de cette campagne de solidarit\u00e9 \u00e0 Abobo-Anokouakout\u00e9.<\/p>\n<p>Dix mille kits compos\u00e9s de gels, savons, cache-nez et gants \u00a0ont \u00e9t\u00e9 remis aux populations vuln\u00e9rables des communes de d\u2019Abobo (Nord) , Yopougon (Ouest) et de Koumassi (Sud), lors de la premi\u00e8re journ\u00e9e de cette campagne qui se poursuivra sur l\u2019ensemble du territoire national.<\/p>\n<p>La ministre a lanc\u00e9 un appel \u00e0 l\u2019endroit des sportifs , artistes , professionnels des m\u00e9dias et de la communication, institutions , entreprises du secteur priv\u00e9 , chancelleries , organisations de la soci\u00e9t\u00e9 civile \u00a0ainsi que toutes les personnes de bonne volont\u00e9 \u00a0pour des appuis mat\u00e9riels \u00e0 l\u2019effet de soutenir les m\u00e9nages pauvres et les populations vuln\u00e9rables . A cet effet, un guichet est ouvert au minist\u00e8re de la Solidarit\u00e9, de la coh\u00e9sion sociale et de la lutte contre la pauvret\u00e9.<\/p>\n<p>\u00ab C\u2019est un virus qui est mortel. Il ne trie pas. On doit suivre l\u2019exemple de certains pays et se battre pour limiter sa propagation. Il n\u2019y a pas de rem\u00e8de, la seule chose qui peut nous sauver c\u2019est le respect des consignes \u00bb, a insist\u00e9 Mme Kon\u00e9, invitant les populations \u00e0 \u00e9viter la rumeur sur les potentiels rem\u00e8des du coronavirus.<\/p>\n<p>\u00ab La maladie est tr\u00e8s dangereuse. Si on respecte scrupuleusement les consignes, on sera sauv\u00e9 (\u2026) Il y a des gens qui jouent avec la maladie. Ils disent que c\u2019est la maladie des blancs. Le virus ne se prom\u00e8ne pas seul. C\u2019est l\u2019homme qui le fait circuler\u00bb, a par ailleurs expliqu\u00e9 la ministre.<\/p>\n<p>Le gouvernement ivoirien a pris 13 mesures compl\u00e9mentaires pour lutter contre la propagation du coronavirus en C\u00f4te d\u2019Ivoire. Depuis son apparition en d\u00e9cembre dernier en Chine, la maladie \u00e0 Coronavirus a fait plus de 13 000 morts dans le monde et plus de 330 000 cas d\u2019infection dont 25 en C\u00f4te d\u2019Ivoire.<\/p>\n<\/div>\n<p>Auteur: APA News<br \/>\n<a href=\"https:\/\/www.journalducameroun.com\/lancement-dune-chaine-de-solidarite-pour-lutter-contre-le-coronavirus-en-cote-divoire\/\">Cliquez ici pour lire l&rsquo;article depuis sa source.<\/a><\/p>\n","protected":false},"excerpt":{"rendered":"<p>Publi\u00e9 le 23.03.2020 \u00e0 19h18 par APA News La ministre ivoirienne de la Solidarit\u00e9, de la coh\u00e9sion sociale et de la lutte contre la pauvret\u00e9, Pr Mariatou Kon\u00e9 a lanc\u00e9 lundi \u00e0 Abobo ( Nord d\u2019Abidjan), une campagne de sensibilisation et de solidarit\u00e9 en vue de lutter contre la propagation de la maladie \u00e0 coronavirus [&hellip;]<\/p>\n","protected":false},"author":1965,"featured_media":0,"comment_status":"closed","ping_status":"closed","sticky":false,"template":"","format":"standard","meta":{"fifu_image_url":"","fifu_image_alt":"","footnotes":""},"categories":[73,82],"tags":[],"class_list":["post-79905","post","type-post","status-publish","format-standard","hentry","category-actualite","category-cameroun"],"_links":{"self":[{"href":"https:\/\/linitiative.ca\/International\/wp-json\/wp\/v2\/posts\/79905","targetHints":{"allow":["GET"]}}],"collection":[{"href":"https:\/\/linitiative.ca\/International\/wp-json\/wp\/v2\/posts"}],"about":[{"href":"https:\/\/linitiative.ca\/International\/wp-json\/wp\/v2\/types\/post"}],"author":[{"embeddable":true,"href":"https:\/\/linitiative.ca\/International\/wp-json\/wp\/v2\/users\/1965"}],"replies":[{"embeddable":true,"href":"https:\/\/linitiative.ca\/International\/wp-json\/wp\/v2\/comments?post=79905"}],"version-history":[{"count":0,"href":"https:\/\/linitiative.ca\/International\/wp-json\/wp\/v2\/posts\/79905\/revisions"}],"wp:attachment":[{"href":"https:\/\/linitiative.ca\/International\/wp-json\/wp\/v2\/media?parent=79905"}],"wp:term":[{"taxonomy":"category","embeddable":true,"href":"https:\/\/linitiative.ca\/International\/wp-json\/wp\/v2\/categories?post=79905"},{"taxonomy":"post_tag","embeddable":true,"href":"https:\/\/linitiative.ca\/International\/wp-json\/wp\/v2\/tags?post=79905"}],"curies":[{"name":"wp","href":"https:\/\/api.w.org\/{rel}","templated":true}]}}